{"id":6164,"date":"2023-12-05T11:11:14","date_gmt":"2023-12-05T14:11:14","guid":{"rendered":"https:\/\/fmtinkunaco.ar\/?p=6164"},"modified":"2023-12-05T11:11:14","modified_gmt":"2023-12-05T14:11:14","slug":"muestra-anual-de-circo-y-cine-en-integrarte","status":"publish","type":"post","link":"https:\/\/fmtinkunaco.ar\/?p=6164","title":{"rendered":"Muestra anual de Circo y Cine en \u201cIntegrArte\u201d"},"content":{"rendered":"\n<p>La escuela popular de arte de Pilar \u201cIntegrArte\u201d hace la invitaci\u00f3n a la muestra de fin de a\u00f1o de los Talleres de Cine y Circo el s\u00e1bado 9 de Diciembre.<\/p>\n\n\n\n<p>Camila Murillo, profesora de Circo, menciona \u201c<em>que se va a estar mostrando el trabajo del a\u00f1o<\/em>\u201d.<\/p>\n\n\n\n<p>La invitaci\u00f3n es a partir de las 19:00hs en Estanislao L\u00f3pez 344 (Pilar) y el valor de la entrada es $2000.<\/p>\n\n\n\n<p>Para m\u00e1s informaci\u00f3n se pueden comunicar al 11 2617 2262<\/p>\n\n\n\n<p>Invitaci\u00f3n completa en el Noticiero Encuentro con las Noticias<\/p>\n\n\n\n<p>Descargar<\/p>\n","protected":false},"excerpt":{"rendered":"<p>La escuela popular de arte de Pilar \u201cIntegrArte\u201d hace la invitaci\u00f3n a la muestra de fin de a\u00f1o de los Talleres de Cine y Circo el s\u00e1bado 9 de Diciembre. Camila Murillo, profesora de Circo, menciona \u201cque se va a estar mostrando el trabajo del a\u00f1o\u201d. La invitaci\u00f3n es a partir de las 19:00hs en [&hellip;]<\/p>\n","protected":false},"author":1,"featured_media":6166,"comment_status":"open","ping_status":"open","sticky":false,"template":"","format":"standard","meta":{"footnotes":""},"categories":[3],"tags":[],"class_list":["post-6164","post","type-post","status-publish","format-standard","has-post-thumbnail","hentry","category-cultura"],"_links":{"self":[{"href":"https:\/\/fmtinkunaco.ar\/index.php?rest_route=\/wp\/v2\/posts\/6164","targetHints":{"allow":["GET"]}}],"collection":[{"href":"https:\/\/fmtinkunaco.ar\/index.php?rest_route=\/wp\/v2\/posts"}],"about":[{"href":"https:\/\/fmtinkunaco.ar\/index.php?rest_route=\/wp\/v2\/types\/post"}],"author":[{"embeddable":true,"href":"https:\/\/fmtinkunaco.ar\/index.php?rest_route=\/wp\/v2\/users\/1"}],"replies":[{"embeddable":true,"href":"https:\/\/fmtinkunaco.ar\/index.php?rest_route=%2Fwp%2Fv2%2Fcomments&post=6164"}],"version-history":[{"count":1,"href":"https:\/\/fmtinkunaco.ar\/index.php?rest_route=\/wp\/v2\/posts\/6164\/revisions"}],"predecessor-version":[{"id":6167,"href":"https:\/\/fmtinkunaco.ar\/index.php?rest_route=\/wp\/v2\/posts\/6164\/revisions\/6167"}],"wp:featuredmedia":[{"embeddable":true,"href":"https:\/\/fmtinkunaco.ar\/index.php?rest_route=\/wp\/v2\/media\/6166"}],"wp:attachment":[{"href":"https:\/\/fmtinkunaco.ar\/index.php?rest_route=%2Fwp%2Fv2%2Fmedia&parent=6164"}],"wp:term":[{"taxonomy":"category","embeddable":true,"href":"https:\/\/fmtinkunaco.ar\/index.php?rest_route=%2Fwp%2Fv2%2Fcategories&post=6164"},{"taxonomy":"post_tag","embeddable":true,"href":"https:\/\/fmtinkunaco.ar\/index.php?rest_route=%2Fwp%2Fv2%2Ftags&post=6164"}],"curies":[{"name":"wp","href":"https:\/\/api.w.org\/{rel}","templated":true}]}}