{"id":6172,"date":"2023-12-06T11:04:59","date_gmt":"2023-12-06T14:04:59","guid":{"rendered":"https:\/\/fmtinkunaco.ar\/?p=6172"},"modified":"2023-12-06T11:04:59","modified_gmt":"2023-12-06T14:04:59","slug":"encuentro-por-la-memoria-y-los-derechos-humanos","status":"publish","type":"post","link":"https:\/\/fmtinkunaco.ar\/?p=6172","title":{"rendered":"Encuentro por la Memoria y los Derechos Humanos"},"content":{"rendered":"\n<p>La Asociaci\u00f3n de Sobrevivientes, familiares, compa\u00f1eros y compa\u00f1eras de Campo de Mayo invitan a un Encuentro por la Memoria y los Derechos Humanos por la culminaci\u00f3n del Espacio de Memoria en Campo de Mayo el pr\u00f3ximo s\u00e1bado 9 de diciembre a partir de las 10hs.<\/p>\n\n\n\n<p>Iris Avellaneda, es Presidenta de la Asociaci\u00f3n de Sobrevivientes, familiares, compa\u00f1eros y compa\u00f1eras de Campo de Mayo, y se refiri\u00f3 a esta convocatoria <em>\u201cAc\u00e1 estamos organizando para que el s\u00e1bado sea un acto multitudinario\u201d.<\/em><br><br>Adem\u00e1s, Avellaneda estuvo visitando esta semana la obra en Campo de Mayo del Sitio de Memoria, y remarc\u00f3 <em>\u201cEl lunes estuvimos visitando el Espacio y quedamos anonadados las personas que fuimos, \u00e9ramos seis, fue algo grandioso porque la verdad que una cosa es ver la maqueta y otra cosa es verlo en vivo. (\u2026) Por eso la movilizaci\u00f3n y el acto que vamos a hacer el s\u00e1bado es para que esa obra siga y que la podamos disfrutar nosotros los sobrevivientes, para hacer cosas importantes como quer\u00edamos hacer\u201d.<\/em><br><br>Es importante mencionar que el proyecto pretend\u00eda ser realizado en el Campito de Campo de Mayo, donde funcion\u00f3 el centro clandestino de detenci\u00f3n pero por razones judiciales, relacionadas a posibles enterramientos en el lugar, no fue posible realizar all\u00ed la obra.<br><br>Finalmente, Iris Avellaneda, afirm\u00f3 <em>\u201cLo que nosotros deseamos es que ese Espacio siga, que lo terminan y que lo podamos disfrutar los sobrevivientes y trabajar ah\u00ed, con los Derechos Humanos, con los colegios, profesores y con la gente que lo quiera visitar\u201d.<\/em><br><br>La invitaci\u00f3n es el s\u00e1bado 9 de diciembre, en Ruta 202 y Pte. Per\u00f3n, frente a la construcci\u00f3n del Espacio de la Memoria y los Derechos Humanos Campo de Mayo, a partir de las 10hs bajo las consignas: <strong><em>M\u00e1s MEMORIA, M\u00e1s VERDAD, M\u00e1s JUSTICIA y Por la culminaci\u00f3n del Espacio de la Memoria de Campo de Mayo.<\/em><\/strong><br><br>Entrevista realiza en el noticiero Encuentro con las Noticias<br><a href=\"https:\/\/archive.org\/details\/audio-iris-avellaneda-06-12\">Descargar<\/a><\/p>\n\n\n<p><iframe loading=\"lazy\" src=\"https:\/\/archive.org\/embed\/audio-iris-avellaneda-06-12\" width=\"500\" height=\"60\" frameborder=\"0\" allowfullscreen=\"allowfullscreen\"><\/iframe><\/p>","protected":false},"excerpt":{"rendered":"<p>La Asociaci\u00f3n de Sobrevivientes, familiares, compa\u00f1eros y compa\u00f1eras de Campo de Mayo invitan a un Encuentro por la Memoria y los Derechos Humanos por la culminaci\u00f3n del Espacio de Memoria en Campo de Mayo el pr\u00f3ximo s\u00e1bado 9 de diciembre a partir de las 10hs. Iris Avellaneda, es Presidenta de la Asociaci\u00f3n de Sobrevivientes, familiares, [&hellip;]<\/p>\n","protected":false},"author":1,"featured_media":6173,"comment_status":"open","ping_status":"open","sticky":false,"template":"","format":"standard","meta":{"footnotes":""},"categories":[4],"tags":[],"class_list":["post-6172","post","type-post","status-publish","format-standard","has-post-thumbnail","hentry","category-derechos-humanos"],"_links":{"self":[{"href":"https:\/\/fmtinkunaco.ar\/index.php?rest_route=\/wp\/v2\/posts\/6172","targetHints":{"allow":["GET"]}}],"collection":[{"href":"https:\/\/fmtinkunaco.ar\/index.php?rest_route=\/wp\/v2\/posts"}],"about":[{"href":"https:\/\/fmtinkunaco.ar\/index.php?rest_route=\/wp\/v2\/types\/post"}],"author":[{"embeddable":true,"href":"https:\/\/fmtinkunaco.ar\/index.php?rest_route=\/wp\/v2\/users\/1"}],"replies":[{"embeddable":true,"href":"https:\/\/fmtinkunaco.ar\/index.php?rest_route=%2Fwp%2Fv2%2Fcomments&post=6172"}],"version-history":[{"count":1,"href":"https:\/\/fmtinkunaco.ar\/index.php?rest_route=\/wp\/v2\/posts\/6172\/revisions"}],"predecessor-version":[{"id":6174,"href":"https:\/\/fmtinkunaco.ar\/index.php?rest_route=\/wp\/v2\/posts\/6172\/revisions\/6174"}],"wp:featuredmedia":[{"embeddable":true,"href":"https:\/\/fmtinkunaco.ar\/index.php?rest_route=\/wp\/v2\/media\/6173"}],"wp:attachment":[{"href":"https:\/\/fmtinkunaco.ar\/index.php?rest_route=%2Fwp%2Fv2%2Fmedia&parent=6172"}],"wp:term":[{"taxonomy":"category","embeddable":true,"href":"https:\/\/fmtinkunaco.ar\/index.php?rest_route=%2Fwp%2Fv2%2Fcategories&post=6172"},{"taxonomy":"post_tag","embeddable":true,"href":"https:\/\/fmtinkunaco.ar\/index.php?rest_route=%2Fwp%2Fv2%2Ftags&post=6172"}],"curies":[{"name":"wp","href":"https:\/\/api.w.org\/{rel}","templated":true}]}}