{"id":6178,"date":"2023-12-13T09:22:51","date_gmt":"2023-12-13T12:22:51","guid":{"rendered":"https:\/\/fmtinkunaco.ar\/?p=6178"},"modified":"2023-12-13T09:22:51","modified_gmt":"2023-12-13T12:22:51","slug":"jose-c-paz-audiencia-publica-en-el-concejo-deliberante-en-defensa-de-la-esi","status":"publish","type":"post","link":"https:\/\/fmtinkunaco.ar\/?p=6178","title":{"rendered":"Jos\u00e9. C. Paz: Audiencia P\u00fablica en el Concejo Deliberante en defensa de la ESI"},"content":{"rendered":"\n<p>Comunidades educativas, organizaciones de mujeres y disidencias, educadores, capacitadorxs de ESI, organizaciones sociales y trabajadores de Derechos Humanos, entre otros, convocan a la audiencia p\u00fablica en defensa de la Ley 26.150 de Educaci\u00f3n Sexual Integral (ESI) en el Concejo Deliberante de Jos\u00e9. C. Paz el jueves 14 de diciembre a las 18hs.<br><br>Anabela Colli, es docente pace\u00f1a y Concejal del PTS dentro del Fit Unidad, se refiri\u00f3 a c\u00f3mo surgi\u00f3 la convocatoria <em>\u201cPrincipalmente debido a esto que pas\u00f3 de p\u00fablico conocimiento, que el 24 de noviembre Eduardo Feinmann levant\u00f3 en su programa de la Naci\u00f3n + un video denunciando que ac\u00e1 en Jos\u00e9. C. Paz se hab\u00eda proyectado en una escuela media, una pel\u00edcula que, obviamente, no se da en el marco de la ESI, esta pel\u00edcula que mencionan es 50 Sombras de Grey y que se hab\u00edan dado a ni\u00f1os de 8 a\u00f1os. Hay muchas contradicciones\u201d.<br><\/em><br>Esta situaci\u00f3n fue desmentida por la Jefatura Distrital y repudiado por docentes y el Sindicato SUTEBA y desde la comunidad educativa sostienen que estos discursos son parte de una campa\u00f1a para desprestigiar a la ESI y poder avanzar sobre este derecho.<br><br>Colli, adem\u00e1s, remarc\u00f3 <em>\u201cHay m\u00e1s de 126 adhesiones y convocatorias, as\u00ed que es muy importante, es un hecho pol\u00edtico fundamental para dejar bien claro que no pasaran por nuestros derechos. Y que nuestra banca esta a disposici\u00f3n para esto ataques que empiezan a surgir y que obviamente estamos seguras que las mujeres vamos a salir a la calle en el momento que ataquen nuestros derechos\u201d.<\/em><br><br>La convocatoria es ma\u00f1ana jueves 14 de diciembre, a partir de las 18hs, en el Concejo Deliberante de Jos\u00e9. C. Paz \u2013 197 y San Nicol\u00e1s.<br><br>Entrevista realizada en el noticiero Encuentro con las Noticias<\/p>\n\n\n\n<p><em><a href=\"https:\/\/archive.org\/details\/audio-anabela-colli-12-12\">Descargar<\/a><\/em><\/p>\n\n\n<p><iframe loading=\"lazy\" src=\"https:\/\/archive.org\/embed\/audio-anabela-colli-12-12\" width=\"500\" height=\"60\" frameborder=\"0\" webkitallowfullscreen=\"true\" mozallowfullscreen=\"true\" allowfullscreen><\/iframe><\/p>","protected":false},"excerpt":{"rendered":"<p>Comunidades educativas, organizaciones de mujeres y disidencias, educadores, capacitadorxs de ESI, organizaciones sociales y trabajadores de Derechos Humanos, entre otros, convocan a la audiencia p\u00fablica en defensa de la Ley 26.150 de Educaci\u00f3n Sexual Integral (ESI) en el Concejo Deliberante de Jos\u00e9. C. Paz el jueves 14 de diciembre a las 18hs. Anabela Colli, es [&hellip;]<\/p>\n","protected":false},"author":1,"featured_media":6179,"comment_status":"open","ping_status":"open","sticky":false,"template":"","format":"standard","meta":{"footnotes":""},"categories":[6],"tags":[],"class_list":["post-6178","post","type-post","status-publish","format-standard","has-post-thumbnail","hentry","category-genero"],"_links":{"self":[{"href":"https:\/\/fmtinkunaco.ar\/index.php?rest_route=\/wp\/v2\/posts\/6178","targetHints":{"allow":["GET"]}}],"collection":[{"href":"https:\/\/fmtinkunaco.ar\/index.php?rest_route=\/wp\/v2\/posts"}],"about":[{"href":"https:\/\/fmtinkunaco.ar\/index.php?rest_route=\/wp\/v2\/types\/post"}],"author":[{"embeddable":true,"href":"https:\/\/fmtinkunaco.ar\/index.php?rest_route=\/wp\/v2\/users\/1"}],"replies":[{"embeddable":true,"href":"https:\/\/fmtinkunaco.ar\/index.php?rest_route=%2Fwp%2Fv2%2Fcomments&post=6178"}],"version-history":[{"count":1,"href":"https:\/\/fmtinkunaco.ar\/index.php?rest_route=\/wp\/v2\/posts\/6178\/revisions"}],"predecessor-version":[{"id":6180,"href":"https:\/\/fmtinkunaco.ar\/index.php?rest_route=\/wp\/v2\/posts\/6178\/revisions\/6180"}],"wp:featuredmedia":[{"embeddable":true,"href":"https:\/\/fmtinkunaco.ar\/index.php?rest_route=\/wp\/v2\/media\/6179"}],"wp:attachment":[{"href":"https:\/\/fmtinkunaco.ar\/index.php?rest_route=%2Fwp%2Fv2%2Fmedia&parent=6178"}],"wp:term":[{"taxonomy":"category","embeddable":true,"href":"https:\/\/fmtinkunaco.ar\/index.php?rest_route=%2Fwp%2Fv2%2Fcategories&post=6178"},{"taxonomy":"post_tag","embeddable":true,"href":"https:\/\/fmtinkunaco.ar\/index.php?rest_route=%2Fwp%2Fv2%2Ftags&post=6178"}],"curies":[{"name":"wp","href":"https:\/\/api.w.org\/{rel}","templated":true}]}}