{"id":6181,"date":"2023-12-14T12:03:10","date_gmt":"2023-12-14T15:03:10","guid":{"rendered":"https:\/\/fmtinkunaco.ar\/?p=6181"},"modified":"2023-12-14T13:12:18","modified_gmt":"2023-12-14T16:12:18","slug":"1o-marcha-del-orgullo-en-san-miguel","status":"publish","type":"post","link":"https:\/\/fmtinkunaco.ar\/?p=6181","title":{"rendered":"1\u00ba Marcha del Orgullo en San Miguel"},"content":{"rendered":"\n<p>Este pr\u00f3ximo s\u00e1bado 16 de diciembre se va a estar llevando a cabo la primera marcha LGTB+ en el municipio de San Miguel.<\/p>\n\n\n\n<p>El punto de encuentro es en Roca 812 a las 17:00hs, en el Centro Cultural UNGS y la marcha comenzar\u00eda a las 19:00hs hacia la Plaza de San Miguel (ya no se re\u00fanen en la Plaza de Mu\u00f1iz).<\/p>\n\n\n\n<p>Claudia Barreto, la cual forma parte de la comisi\u00f3n organizadora, dec\u00eda que \u201c<em>a pesar de todas las ofensivas por parte del municipio para impedir que se desarrolle la jornada en el marco de que no les agrada que resistamos las diversidades y residencias, vamos a hacer la jornada igual e invitamos a cada une que este escuchando para participar de esta jornada\u201d.<\/em><\/p>\n\n\n\n<p>El evento va a contar con ferias, artistas en vivo, discursos y la marcha de cierre.<\/p>\n\n\n\n<p>Invitaci\u00f3n completa en el Noticiero Encuentro con las Noticias<\/p>\n\n\n<p><iframe loading=\"lazy\" src=\"https:\/\/archive.org\/embed\/audio-marcha-san-miguel-16-12-1\" width=\"500\" height=\"60\" frameborder=\"0\" webkitallowfullscreen=\"true\" mozallowfullscreen=\"true\" allowfullscreen><\/iframe><\/p>\n\n\n<p><a href=\"https:\/\/archive.org\/details\/audio-marcha-san-miguel-16-12-1\" data-type=\"link\" data-id=\"https:\/\/archive.org\/details\/audio-marcha-san-miguel-16-12-1\">Descargar<\/a><\/p>\n","protected":false},"excerpt":{"rendered":"<p>Este pr\u00f3ximo s\u00e1bado 16 de diciembre se va a estar llevando a cabo la primera marcha LGTB+ en el municipio de San Miguel. El punto de encuentro es en Roca 812 a las 17:00hs, en el Centro Cultural UNGS y la marcha comenzar\u00eda a las 19:00hs hacia la Plaza de San Miguel (ya no se [&hellip;]<\/p>\n","protected":false},"author":1,"featured_media":6182,"comment_status":"open","ping_status":"open","sticky":false,"template":"","format":"standard","meta":{"footnotes":""},"categories":[3,6],"tags":[],"class_list":["post-6181","post","type-post","status-publish","format-standard","has-post-thumbnail","hentry","category-cultura","category-genero"],"_links":{"self":[{"href":"https:\/\/fmtinkunaco.ar\/index.php?rest_route=\/wp\/v2\/posts\/6181","targetHints":{"allow":["GET"]}}],"collection":[{"href":"https:\/\/fmtinkunaco.ar\/index.php?rest_route=\/wp\/v2\/posts"}],"about":[{"href":"https:\/\/fmtinkunaco.ar\/index.php?rest_route=\/wp\/v2\/types\/post"}],"author":[{"embeddable":true,"href":"https:\/\/fmtinkunaco.ar\/index.php?rest_route=\/wp\/v2\/users\/1"}],"replies":[{"embeddable":true,"href":"https:\/\/fmtinkunaco.ar\/index.php?rest_route=%2Fwp%2Fv2%2Fcomments&post=6181"}],"version-history":[{"count":2,"href":"https:\/\/fmtinkunaco.ar\/index.php?rest_route=\/wp\/v2\/posts\/6181\/revisions"}],"predecessor-version":[{"id":6184,"href":"https:\/\/fmtinkunaco.ar\/index.php?rest_route=\/wp\/v2\/posts\/6181\/revisions\/6184"}],"wp:featuredmedia":[{"embeddable":true,"href":"https:\/\/fmtinkunaco.ar\/index.php?rest_route=\/wp\/v2\/media\/6182"}],"wp:attachment":[{"href":"https:\/\/fmtinkunaco.ar\/index.php?rest_route=%2Fwp%2Fv2%2Fmedia&parent=6181"}],"wp:term":[{"taxonomy":"category","embeddable":true,"href":"https:\/\/fmtinkunaco.ar\/index.php?rest_route=%2Fwp%2Fv2%2Fcategories&post=6181"},{"taxonomy":"post_tag","embeddable":true,"href":"https:\/\/fmtinkunaco.ar\/index.php?rest_route=%2Fwp%2Fv2%2Ftags&post=6181"}],"curies":[{"name":"wp","href":"https:\/\/api.w.org\/{rel}","templated":true}]}}