{"id":6219,"date":"2024-02-06T11:16:03","date_gmt":"2024-02-06T14:16:03","guid":{"rendered":"https:\/\/fmtinkunaco.ar\/?p=6219"},"modified":"2024-02-06T11:16:04","modified_gmt":"2024-02-06T14:16:04","slug":"nutriendo-el-alma-lanzo-la-campana-solidaria-para-comprar-885-kits-escolares","status":"publish","type":"post","link":"https:\/\/fmtinkunaco.ar\/?p=6219","title":{"rendered":"\u201cNutriendo el Alma\u201d lanz\u00f3 la campa\u00f1a solidaria para comprar 885 kits escolares"},"content":{"rendered":"\n<p><br>El Grupo Solidario \u201cNutriendo el Alma\u201d lanz\u00f3, por sexto a\u00f1o consecutivo, la campa\u00f1a solidaria para comprar 885 kits escolares para infancias de tres comedores del partido de Moreno.<br><br>Jorge Conti, referente del Grupo Solidario, se refiri\u00f3 a la campa\u00f1a de este a\u00f1o <em>\u201cPor sexto a\u00f1o consecutivo estamos llevando a cabo una gran campa\u00f1a solidaria para comprarles kits escolares a 885 nenes que son los que est\u00e1n escolarizados en tres comedores de Moreno.. (\u2026) Les quiero pedir a todos que colaboren con esta campa\u00f1a, que es muy importante que los chicos vayan a la escuela que estos son 885 nenes humildes que no tiene \u00fatiles para ir a la escuela y la idea es conseguir 2.634 padrinos o madrinas que colaboren o donen $2.634 pesos para que estos chicos puedan tener los \u00fatiles escolares\u201d.<\/em><br><br>Conti, adem\u00e1s, afirm\u00f3 <em>\u201cSi cada uno ponemos un granito de arena estos 885 nenes van a tener, seguramente, su kit escolar en la campa\u00f1a de nutriendo el alma y vamos a estar todos muy pero muy contentos\u201d.<\/em><\/p>\n\n\n\n<p>Para colaborar podes transferir a trav\u00e9s del alias<em> <strong>doyunamano<\/strong><\/em> (titular Jorge Pablo Conti) o comunicarte mediante el contacto 1162978888. El monto sugerido es $2634 pesos pero podes donar lo que puedas.<br><br>Compartimos invitaci\u00f3n<\/p>\n\n\n\n<p><a href=\"https:\/\/archive.org\/details\/audio-jorge-construyendo-campan-a-kit-escolar\">Descargar<\/a><\/p>\n\n\n<p><iframe loading=\"lazy\" src=\"https:\/\/archive.org\/embed\/audio-jorge-construyendo-campan-a-kit-escolar\" width=\"500\" height=\"60\" frameborder=\"0\" allowfullscreen=\"allowfullscreen\"><\/iframe><\/p>","protected":false},"excerpt":{"rendered":"<p>El Grupo Solidario \u201cNutriendo el Alma\u201d lanz\u00f3, por sexto a\u00f1o consecutivo, la campa\u00f1a solidaria para comprar 885 kits escolares para infancias de tres comedores del partido de Moreno. Jorge Conti, referente del Grupo Solidario, se refiri\u00f3 a la campa\u00f1a de este a\u00f1o \u201cPor sexto a\u00f1o consecutivo estamos llevando a cabo una gran campa\u00f1a solidaria para [&hellip;]<\/p>\n","protected":false},"author":1,"featured_media":6220,"comment_status":"open","ping_status":"open","sticky":false,"template":"","format":"standard","meta":{"footnotes":""},"categories":[1],"tags":[],"class_list":["post-6219","post","type-post","status-publish","format-standard","has-post-thumbnail","hentry","category-blog"],"_links":{"self":[{"href":"https:\/\/fmtinkunaco.ar\/index.php?rest_route=\/wp\/v2\/posts\/6219","targetHints":{"allow":["GET"]}}],"collection":[{"href":"https:\/\/fmtinkunaco.ar\/index.php?rest_route=\/wp\/v2\/posts"}],"about":[{"href":"https:\/\/fmtinkunaco.ar\/index.php?rest_route=\/wp\/v2\/types\/post"}],"author":[{"embeddable":true,"href":"https:\/\/fmtinkunaco.ar\/index.php?rest_route=\/wp\/v2\/users\/1"}],"replies":[{"embeddable":true,"href":"https:\/\/fmtinkunaco.ar\/index.php?rest_route=%2Fwp%2Fv2%2Fcomments&post=6219"}],"version-history":[{"count":1,"href":"https:\/\/fmtinkunaco.ar\/index.php?rest_route=\/wp\/v2\/posts\/6219\/revisions"}],"predecessor-version":[{"id":6221,"href":"https:\/\/fmtinkunaco.ar\/index.php?rest_route=\/wp\/v2\/posts\/6219\/revisions\/6221"}],"wp:featuredmedia":[{"embeddable":true,"href":"https:\/\/fmtinkunaco.ar\/index.php?rest_route=\/wp\/v2\/media\/6220"}],"wp:attachment":[{"href":"https:\/\/fmtinkunaco.ar\/index.php?rest_route=%2Fwp%2Fv2%2Fmedia&parent=6219"}],"wp:term":[{"taxonomy":"category","embeddable":true,"href":"https:\/\/fmtinkunaco.ar\/index.php?rest_route=%2Fwp%2Fv2%2Fcategories&post=6219"},{"taxonomy":"post_tag","embeddable":true,"href":"https:\/\/fmtinkunaco.ar\/index.php?rest_route=%2Fwp%2Fv2%2Ftags&post=6219"}],"curies":[{"name":"wp","href":"https:\/\/api.w.org\/{rel}","templated":true}]}}