{"id":6224,"date":"2024-02-07T09:41:27","date_gmt":"2024-02-07T12:41:27","guid":{"rendered":"https:\/\/fmtinkunaco.ar\/?p=6224"},"modified":"2024-02-07T09:41:27","modified_gmt":"2024-02-07T12:41:27","slug":"la-biblioteca-palabras-del-alma-lanzo-campana-para-las-comunidades-guaranies","status":"publish","type":"post","link":"https:\/\/fmtinkunaco.ar\/?p=6224","title":{"rendered":"La Biblioteca Palabras del Alma lanz\u00f3 campa\u00f1a para las Comunidades Guaran\u00edes"},"content":{"rendered":"\n<p><br>La Biblioteca Popular Palabras del Alma, ubicada en barrio Peruzzotti de Pilar, lanz\u00f3 una colecta con el objetivo de tender una mano a las Comunidades Guaran\u00edes de la provincia de Misiones.<br><br>Hern\u00e1n Nem\u00ed, es referente de Palabras del Alma, y se refiri\u00f3 a la colecta <em>\u201cHace muchos a\u00f1os que trabajamos con Comunidades Guaran\u00edes de la provincia de Misiones y ahora nos est\u00e1n pidiendo ayuda alimentaria. En las comunidades Guaran\u00edes, en la provincia de Misiones, empiezan a haber dolorosamente situaciones de hambre por eso la Biblioteca Palabras del Alma est\u00e1 haciendo una campa\u00f1a para sumar amigos que puedan colaborar con $3000 pesos por mes, o con lo que cada uno pueda, para que eso se convierta en comida para los ni\u00f1as y los ni\u00f1os Guaran\u00edes\u201d.<\/em><br><br>Actualmente, la biblioteca tiene 18 sedes, en los barrios Peruzzotti y Nuestra Se\u00f1ora del Pilar y adem\u00e1s en comunidades guaran\u00edes y campesinas de Misiones.<br><br>Para participar de la campa\u00f1a, te podes comunicar mediante redes sociales a <a href=\"https:\/\/www.facebook.com\/bibliopalabrasdelalma\">Biblioteca Palabras del Alma<\/a> y te pasan la informaci\u00f3n necesaria.<br><br>Compartimos la campa\u00f1a<\/p>\n\n\n\n<p><a href=\"https:\/\/archive.org\/details\/audio-hernan-nemi-colecta-com-guarani-06-02-24\">Descargar<\/a><\/p>\n\n\n<p><iframe loading=\"lazy\" src=\"https:\/\/archive.org\/embed\/audio-hernan-nemi-colecta-com-guarani-06-02-24\" width=\"500\" height=\"60\" frameborder=\"0\" webkitallowfullscreen=\"true\" mozallowfullscreen=\"true\" allowfullscreen><\/iframe><\/p>","protected":false},"excerpt":{"rendered":"<p>La Biblioteca Popular Palabras del Alma, ubicada en barrio Peruzzotti de Pilar, lanz\u00f3 una colecta con el objetivo de tender una mano a las Comunidades Guaran\u00edes de la provincia de Misiones. Hern\u00e1n Nem\u00ed, es referente de Palabras del Alma, y se refiri\u00f3 a la colecta \u201cHace muchos a\u00f1os que trabajamos con Comunidades Guaran\u00edes de la [&hellip;]<\/p>\n","protected":false},"author":1,"featured_media":6225,"comment_status":"open","ping_status":"open","sticky":false,"template":"","format":"standard","meta":{"footnotes":""},"categories":[4],"tags":[],"class_list":["post-6224","post","type-post","status-publish","format-standard","has-post-thumbnail","hentry","category-derechos-humanos"],"_links":{"self":[{"href":"https:\/\/fmtinkunaco.ar\/index.php?rest_route=\/wp\/v2\/posts\/6224","targetHints":{"allow":["GET"]}}],"collection":[{"href":"https:\/\/fmtinkunaco.ar\/index.php?rest_route=\/wp\/v2\/posts"}],"about":[{"href":"https:\/\/fmtinkunaco.ar\/index.php?rest_route=\/wp\/v2\/types\/post"}],"author":[{"embeddable":true,"href":"https:\/\/fmtinkunaco.ar\/index.php?rest_route=\/wp\/v2\/users\/1"}],"replies":[{"embeddable":true,"href":"https:\/\/fmtinkunaco.ar\/index.php?rest_route=%2Fwp%2Fv2%2Fcomments&post=6224"}],"version-history":[{"count":1,"href":"https:\/\/fmtinkunaco.ar\/index.php?rest_route=\/wp\/v2\/posts\/6224\/revisions"}],"predecessor-version":[{"id":6226,"href":"https:\/\/fmtinkunaco.ar\/index.php?rest_route=\/wp\/v2\/posts\/6224\/revisions\/6226"}],"wp:featuredmedia":[{"embeddable":true,"href":"https:\/\/fmtinkunaco.ar\/index.php?rest_route=\/wp\/v2\/media\/6225"}],"wp:attachment":[{"href":"https:\/\/fmtinkunaco.ar\/index.php?rest_route=%2Fwp%2Fv2%2Fmedia&parent=6224"}],"wp:term":[{"taxonomy":"category","embeddable":true,"href":"https:\/\/fmtinkunaco.ar\/index.php?rest_route=%2Fwp%2Fv2%2Fcategories&post=6224"},{"taxonomy":"post_tag","embeddable":true,"href":"https:\/\/fmtinkunaco.ar\/index.php?rest_route=%2Fwp%2Fv2%2Ftags&post=6224"}],"curies":[{"name":"wp","href":"https:\/\/api.w.org\/{rel}","templated":true}]}}