{"id":6227,"date":"2024-02-07T10:49:22","date_gmt":"2024-02-07T13:49:22","guid":{"rendered":"https:\/\/fmtinkunaco.ar\/?p=6227"},"modified":"2024-02-07T10:49:22","modified_gmt":"2024-02-07T13:49:22","slug":"la-organizacion-enaccion-invita-a-la-colonia-de-verano-2024","status":"publish","type":"post","link":"https:\/\/fmtinkunaco.ar\/?p=6227","title":{"rendered":"La Organizaci\u00f3n EnAcci\u00f3n invita a la colonia de verano 2024"},"content":{"rendered":"\n<p><\/p>\n\n\n\n<p>La organizaci\u00f3n enacci\u00f3n, ubicada en Los Polvorines partido de Malvinas Argentinas, abri\u00f3 las inscripciones para la colonia de verano 2024 destinada a infancias de entre 6 y 13 a\u00f1os.<br><br>Desde la colonia afirmaron <em>\u201cHabr\u00e1 un mont\u00f3n de juegos con agua, deportivos, recreativos y un mont\u00f3n de diversi\u00f3n\u201d.<\/em><br><br>Tenes tiempo de inscribirte hasta el viernes 9 de febrero de 17.30hs a 18.30hs, y se deber\u00e1 acercar el adulto responsable con copia del DNI del menor.<\/p>\n\n\n\n<p>La colonia se desarrollar\u00e1 del mi\u00e9rcoles 14 de febrero al viernes 23 de febrero, de 16.30hs a 18.30hs, en Baroni 891, Los Polvorines.<br><br>Compartimos Invitaci\u00f3n<br><br><a href=\"https:\/\/archive.org\/details\/audio-colonia-enacio-n-06-02-24\">Descargar<\/a><\/p>\n\n\n<p><iframe loading=\"lazy\" src=\"https:\/\/archive.org\/embed\/audio-colonia-enacio-n-06-02-24\" width=\"500\" height=\"60\" frameborder=\"0\" webkitallowfullscreen=\"true\" mozallowfullscreen=\"true\" allowfullscreen><\/iframe><\/p>","protected":false},"excerpt":{"rendered":"<p>La organizaci\u00f3n enacci\u00f3n, ubicada en Los Polvorines partido de Malvinas Argentinas, abri\u00f3 las inscripciones para la colonia de verano 2024 destinada a infancias de entre 6 y 13 a\u00f1os. Desde la colonia afirmaron \u201cHabr\u00e1 un mont\u00f3n de juegos con agua, deportivos, recreativos y un mont\u00f3n de diversi\u00f3n\u201d. Tenes tiempo de inscribirte hasta el viernes 9 [&hellip;]<\/p>\n","protected":false},"author":1,"featured_media":6228,"comment_status":"open","ping_status":"open","sticky":false,"template":"","format":"standard","meta":{"footnotes":""},"categories":[3],"tags":[],"class_list":["post-6227","post","type-post","status-publish","format-standard","has-post-thumbnail","hentry","category-cultura"],"_links":{"self":[{"href":"https:\/\/fmtinkunaco.ar\/index.php?rest_route=\/wp\/v2\/posts\/6227","targetHints":{"allow":["GET"]}}],"collection":[{"href":"https:\/\/fmtinkunaco.ar\/index.php?rest_route=\/wp\/v2\/posts"}],"about":[{"href":"https:\/\/fmtinkunaco.ar\/index.php?rest_route=\/wp\/v2\/types\/post"}],"author":[{"embeddable":true,"href":"https:\/\/fmtinkunaco.ar\/index.php?rest_route=\/wp\/v2\/users\/1"}],"replies":[{"embeddable":true,"href":"https:\/\/fmtinkunaco.ar\/index.php?rest_route=%2Fwp%2Fv2%2Fcomments&post=6227"}],"version-history":[{"count":1,"href":"https:\/\/fmtinkunaco.ar\/index.php?rest_route=\/wp\/v2\/posts\/6227\/revisions"}],"predecessor-version":[{"id":6229,"href":"https:\/\/fmtinkunaco.ar\/index.php?rest_route=\/wp\/v2\/posts\/6227\/revisions\/6229"}],"wp:featuredmedia":[{"embeddable":true,"href":"https:\/\/fmtinkunaco.ar\/index.php?rest_route=\/wp\/v2\/media\/6228"}],"wp:attachment":[{"href":"https:\/\/fmtinkunaco.ar\/index.php?rest_route=%2Fwp%2Fv2%2Fmedia&parent=6227"}],"wp:term":[{"taxonomy":"category","embeddable":true,"href":"https:\/\/fmtinkunaco.ar\/index.php?rest_route=%2Fwp%2Fv2%2Fcategories&post=6227"},{"taxonomy":"post_tag","embeddable":true,"href":"https:\/\/fmtinkunaco.ar\/index.php?rest_route=%2Fwp%2Fv2%2Ftags&post=6227"}],"curies":[{"name":"wp","href":"https:\/\/api.w.org\/{rel}","templated":true}]}}