{"id":6233,"date":"2024-02-15T12:04:06","date_gmt":"2024-02-15T15:04:06","guid":{"rendered":"https:\/\/fmtinkunaco.ar\/?p=6233"},"modified":"2024-02-15T12:04:06","modified_gmt":"2024-02-15T15:04:06","slug":"feria-americana-en-la-biblioteca-palabras-del-alma","status":"publish","type":"post","link":"https:\/\/fmtinkunaco.ar\/?p=6233","title":{"rendered":"Feria Americana en la Biblioteca Palabras del Alma"},"content":{"rendered":"\n<p><br>La Biblioteca Palabras del Alma invita a la Feria Americana que se realizar\u00e1 el viernes 16 de febrero, a partir de las 9 de la ma\u00f1ana.<br><br>Hern\u00e1n Nem\u00ed, referente de Palabras del Alma, realiz\u00f3 la invitaci\u00f3n <em>\u201cEs el viernes de 9 a 12, hay ropa, hay calzado, hay juguetes muy lindos, hay \u00fatiles, y le dan una mano a la biblioteca\u201d.<\/em><br><br>La feria se llevar\u00e1 adelante en Corbeta Cefiro 2071, barrio Peruzzotti, Pilar.<br><br>Compartimos Invitaci\u00f3n<br><br><a href=\"https:\/\/archive.org\/details\/audio-hernan-nemi-feria-16-02\">Descargar<\/a><br><\/p>\n\n\n<p><iframe loading=\"lazy\" src=\"https:\/\/archive.org\/embed\/audio-hernan-nemi-feria-16-02\" width=\"500\" height=\"60\" frameborder=\"0\" allowfullscreen=\"allowfullscreen\"><\/iframe><\/p>","protected":false},"excerpt":{"rendered":"<p>La Biblioteca Palabras del Alma invita a la Feria Americana que se realizar\u00e1 el viernes 16 de febrero, a partir de las 9 de la ma\u00f1ana. Hern\u00e1n Nem\u00ed, referente de Palabras del Alma, realiz\u00f3 la invitaci\u00f3n \u201cEs el viernes de 9 a 12, hay ropa, hay calzado, hay juguetes muy lindos, hay \u00fatiles, y le [&hellip;]<\/p>\n","protected":false},"author":1,"featured_media":6234,"comment_status":"open","ping_status":"open","sticky":false,"template":"","format":"standard","meta":{"footnotes":""},"categories":[1],"tags":[],"class_list":["post-6233","post","type-post","status-publish","format-standard","has-post-thumbnail","hentry","category-blog"],"_links":{"self":[{"href":"https:\/\/fmtinkunaco.ar\/index.php?rest_route=\/wp\/v2\/posts\/6233","targetHints":{"allow":["GET"]}}],"collection":[{"href":"https:\/\/fmtinkunaco.ar\/index.php?rest_route=\/wp\/v2\/posts"}],"about":[{"href":"https:\/\/fmtinkunaco.ar\/index.php?rest_route=\/wp\/v2\/types\/post"}],"author":[{"embeddable":true,"href":"https:\/\/fmtinkunaco.ar\/index.php?rest_route=\/wp\/v2\/users\/1"}],"replies":[{"embeddable":true,"href":"https:\/\/fmtinkunaco.ar\/index.php?rest_route=%2Fwp%2Fv2%2Fcomments&post=6233"}],"version-history":[{"count":1,"href":"https:\/\/fmtinkunaco.ar\/index.php?rest_route=\/wp\/v2\/posts\/6233\/revisions"}],"predecessor-version":[{"id":6235,"href":"https:\/\/fmtinkunaco.ar\/index.php?rest_route=\/wp\/v2\/posts\/6233\/revisions\/6235"}],"wp:featuredmedia":[{"embeddable":true,"href":"https:\/\/fmtinkunaco.ar\/index.php?rest_route=\/wp\/v2\/media\/6234"}],"wp:attachment":[{"href":"https:\/\/fmtinkunaco.ar\/index.php?rest_route=%2Fwp%2Fv2%2Fmedia&parent=6233"}],"wp:term":[{"taxonomy":"category","embeddable":true,"href":"https:\/\/fmtinkunaco.ar\/index.php?rest_route=%2Fwp%2Fv2%2Fcategories&post=6233"},{"taxonomy":"post_tag","embeddable":true,"href":"https:\/\/fmtinkunaco.ar\/index.php?rest_route=%2Fwp%2Fv2%2Ftags&post=6233"}],"curies":[{"name":"wp","href":"https:\/\/api.w.org\/{rel}","templated":true}]}}