{"id":6236,"date":"2024-02-16T11:28:41","date_gmt":"2024-02-16T14:28:41","guid":{"rendered":"https:\/\/fmtinkunaco.ar\/?p=6236"},"modified":"2024-02-16T11:28:41","modified_gmt":"2024-02-16T14:28:41","slug":"libres-del-sur-convoca-a-una-jornada-solidaria-un-corte-de-pelo-por-un-alimento-no-perecedero","status":"publish","type":"post","link":"https:\/\/fmtinkunaco.ar\/?p=6236","title":{"rendered":"Libres del Sur convoca a una jornada solidaria: \u201cUn corte de pelo por un alimento no perecedero\u201d"},"content":{"rendered":"\n<p>La organizaci\u00f3n Libres del Sur del partido de Pilar convoca a una jornada solidaria hoy, viernes 16 de febrero.<br><br>La campa\u00f1a ofrecer\u00e1 un corte de pelo para ni\u00f1os a cambio de un alimento no perecedero, el objetivo es ayudar a los comedores y merenderos del distrito.<br><br>Ana Barreto, referente de Libres del Sur Pilar, explic\u00f3 la situaci\u00f3n actual de los espacios comunitarios en el distrito <em>\u201cLa actividad que vamos a estar realizando tiene que ver con una denuncia nacional que venimos haciendo desde diciembre, cuando asume este gobierno de Javier Milei, porque el Presidente y Sandra Pettovello la Ministra de Capital Humano decidieron suspender la entrega de mercader\u00eda para espacios comunitarios como merenderos, comedores, ollas populares, por lo tanto estamos haciendo un pedido de donaci\u00f3n de mercader\u00eda para poder sustentar esos espacios y para que sigan funcionando\u201d.<\/em><\/p>\n\n\n\n<p>Adem\u00e1s, Barreto, explic\u00f3 e invito a la jornada <em>\u201cSe nos ocurri\u00f3 hacer un intercambio de un servicio comunitario en un momento tan importante como el previo al inicio de clases, un corte de pelo para los ni\u00f1os hoy est\u00e1 entre 2 mil y 4.500 mil pesos dependiendo el barrio y el lugar, y nos parec\u00eda importante poder aportar. Quienes tienen varios ni\u00f1as y ni\u00f1os por ahi justo en casa tienen alg\u00fan alimento que puedan colaborar para los merenderos e intercambiamos por el corte de pelo\u201d.<\/em><br><br>La jornada ser\u00e1 hoy, viernes 16 de febrero, a partir de las 18 hs en la Plaza 12 de octubre de Pilar.<br><br>Compartimos jornada<br><a href=\"https:\/\/archive.org\/details\/audio-ana-barreto-libredelsur-16-02-24\">Descargar<\/a><\/p>\n\n\n<p><iframe loading=\"lazy\" src=\"https:\/\/archive.org\/embed\/audio-ana-barreto-libredelsur-16-02-24\" width=\"500\" height=\"60\" frameborder=\"0\" allowfullscreen=\"allowfullscreen\"><\/iframe><\/p>","protected":false},"excerpt":{"rendered":"<p>La organizaci\u00f3n Libres del Sur del partido de Pilar convoca a una jornada solidaria hoy, viernes 16 de febrero. La campa\u00f1a ofrecer\u00e1 un corte de pelo para ni\u00f1os a cambio de un alimento no perecedero, el objetivo es ayudar a los comedores y merenderos del distrito. Ana Barreto, referente de Libres del Sur Pilar, explic\u00f3 [&hellip;]<\/p>\n","protected":false},"author":1,"featured_media":6237,"comment_status":"open","ping_status":"open","sticky":false,"template":"","format":"standard","meta":{"footnotes":""},"categories":[4],"tags":[],"class_list":["post-6236","post","type-post","status-publish","format-standard","has-post-thumbnail","hentry","category-derechos-humanos"],"_links":{"self":[{"href":"https:\/\/fmtinkunaco.ar\/index.php?rest_route=\/wp\/v2\/posts\/6236","targetHints":{"allow":["GET"]}}],"collection":[{"href":"https:\/\/fmtinkunaco.ar\/index.php?rest_route=\/wp\/v2\/posts"}],"about":[{"href":"https:\/\/fmtinkunaco.ar\/index.php?rest_route=\/wp\/v2\/types\/post"}],"author":[{"embeddable":true,"href":"https:\/\/fmtinkunaco.ar\/index.php?rest_route=\/wp\/v2\/users\/1"}],"replies":[{"embeddable":true,"href":"https:\/\/fmtinkunaco.ar\/index.php?rest_route=%2Fwp%2Fv2%2Fcomments&post=6236"}],"version-history":[{"count":1,"href":"https:\/\/fmtinkunaco.ar\/index.php?rest_route=\/wp\/v2\/posts\/6236\/revisions"}],"predecessor-version":[{"id":6238,"href":"https:\/\/fmtinkunaco.ar\/index.php?rest_route=\/wp\/v2\/posts\/6236\/revisions\/6238"}],"wp:featuredmedia":[{"embeddable":true,"href":"https:\/\/fmtinkunaco.ar\/index.php?rest_route=\/wp\/v2\/media\/6237"}],"wp:attachment":[{"href":"https:\/\/fmtinkunaco.ar\/index.php?rest_route=%2Fwp%2Fv2%2Fmedia&parent=6236"}],"wp:term":[{"taxonomy":"category","embeddable":true,"href":"https:\/\/fmtinkunaco.ar\/index.php?rest_route=%2Fwp%2Fv2%2Fcategories&post=6236"},{"taxonomy":"post_tag","embeddable":true,"href":"https:\/\/fmtinkunaco.ar\/index.php?rest_route=%2Fwp%2Fv2%2Ftags&post=6236"}],"curies":[{"name":"wp","href":"https:\/\/api.w.org\/{rel}","templated":true}]}}