{"id":6239,"date":"2024-02-19T10:03:11","date_gmt":"2024-02-19T13:03:11","guid":{"rendered":"https:\/\/fmtinkunaco.ar\/?p=6239"},"modified":"2024-02-19T10:03:11","modified_gmt":"2024-02-19T13:03:11","slug":"festival-artistico-derqui-se-planta","status":"publish","type":"post","link":"https:\/\/fmtinkunaco.ar\/?p=6239","title":{"rendered":"Festival Art\u00edstico: \u201cDerqui se Planta\u201d"},"content":{"rendered":"\n<p>El pr\u00f3ximo s\u00e1bado 24 de febrero, a partir de las 16hs, en el Paseo Toro se realizar\u00e1 un <strong>\u201cArtistazo\u201d<\/strong> que tiene como objetivo plantarse contra el DNU del gobierno nacional que desfinancia la cultura.<br><br>Lula Ar\u00e9valo, referente de la organizaci\u00f3n del festival, se refiri\u00f3 al mismo <em>\u201cEsta organizado por pibes y pibas que nos juntamos a entrenar circo, de car\u00e1cter independiente, no pertenecemos a ning\u00fan partido. (\u2026) El objetivo es oponernos a estas medidas tan crueles del gobierno de turno que van en contra de la cultura y por lo tanto de la nutrici\u00f3n cultural tambi\u00e9n que nos est\u00e1n quitando\u201d.<\/em><br><br>Ar\u00e9valo, adem\u00e1s, enumer\u00f3 las propuestas art\u00edsticas <em>\u201cLa propuesta es m\u00fasica, mates, espacio para las infancias, juegos, pintura en vivo, va a haber para compartir comida vegetariana, intercambio de plantines\u201d.<\/em><br><br>La invitaci\u00f3n es el s\u00e1bado 24 de febrero en el Paseo Toro de Presidente Derqui \u2013 Pilar \u2013 a partir de las 16hs.<br><br>Compartir invitaci\u00f3n<\/p>\n\n\n\n<p><a href=\"https:\/\/archive.org\/details\/audio-lula-arevalo-festival-derqui-se-planta-24-02\">Descargar<\/a><\/p>\n\n\n<p><iframe loading=\"lazy\" src=\"https:\/\/archive.org\/embed\/audio-lula-arevalo-festival-derqui-se-planta-24-02\" width=\"500\" height=\"60\" frameborder=\"0\" webkitallowfullscreen=\"true\" mozallowfullscreen=\"true\" allowfullscreen><\/iframe><\/p>","protected":false},"excerpt":{"rendered":"<p>El pr\u00f3ximo s\u00e1bado 24 de febrero, a partir de las 16hs, en el Paseo Toro se realizar\u00e1 un \u201cArtistazo\u201d que tiene como objetivo plantarse contra el DNU del gobierno nacional que desfinancia la cultura. Lula Ar\u00e9valo, referente de la organizaci\u00f3n del festival, se refiri\u00f3 al mismo \u201cEsta organizado por pibes y pibas que nos juntamos [&hellip;]<\/p>\n","protected":false},"author":1,"featured_media":6240,"comment_status":"open","ping_status":"open","sticky":false,"template":"","format":"standard","meta":{"footnotes":""},"categories":[3],"tags":[],"class_list":["post-6239","post","type-post","status-publish","format-standard","has-post-thumbnail","hentry","category-cultura"],"_links":{"self":[{"href":"https:\/\/fmtinkunaco.ar\/index.php?rest_route=\/wp\/v2\/posts\/6239","targetHints":{"allow":["GET"]}}],"collection":[{"href":"https:\/\/fmtinkunaco.ar\/index.php?rest_route=\/wp\/v2\/posts"}],"about":[{"href":"https:\/\/fmtinkunaco.ar\/index.php?rest_route=\/wp\/v2\/types\/post"}],"author":[{"embeddable":true,"href":"https:\/\/fmtinkunaco.ar\/index.php?rest_route=\/wp\/v2\/users\/1"}],"replies":[{"embeddable":true,"href":"https:\/\/fmtinkunaco.ar\/index.php?rest_route=%2Fwp%2Fv2%2Fcomments&post=6239"}],"version-history":[{"count":1,"href":"https:\/\/fmtinkunaco.ar\/index.php?rest_route=\/wp\/v2\/posts\/6239\/revisions"}],"predecessor-version":[{"id":6241,"href":"https:\/\/fmtinkunaco.ar\/index.php?rest_route=\/wp\/v2\/posts\/6239\/revisions\/6241"}],"wp:featuredmedia":[{"embeddable":true,"href":"https:\/\/fmtinkunaco.ar\/index.php?rest_route=\/wp\/v2\/media\/6240"}],"wp:attachment":[{"href":"https:\/\/fmtinkunaco.ar\/index.php?rest_route=%2Fwp%2Fv2%2Fmedia&parent=6239"}],"wp:term":[{"taxonomy":"category","embeddable":true,"href":"https:\/\/fmtinkunaco.ar\/index.php?rest_route=%2Fwp%2Fv2%2Fcategories&post=6239"},{"taxonomy":"post_tag","embeddable":true,"href":"https:\/\/fmtinkunaco.ar\/index.php?rest_route=%2Fwp%2Fv2%2Ftags&post=6239"}],"curies":[{"name":"wp","href":"https:\/\/api.w.org\/{rel}","templated":true}]}}