{"id":6242,"date":"2024-02-21T10:51:34","date_gmt":"2024-02-21T13:51:34","guid":{"rendered":"https:\/\/fmtinkunaco.ar\/?p=6242"},"modified":"2024-02-21T10:51:34","modified_gmt":"2024-02-21T13:51:34","slug":"caminata-nocturna-en-la-reserva-natural-del-pilar","status":"publish","type":"post","link":"https:\/\/fmtinkunaco.ar\/?p=6242","title":{"rendered":"Caminata nocturna en la Reserva Natural del Pilar"},"content":{"rendered":"\n<p>En esta ocasi\u00f3n, desde la Reserva Natural del Pilar y la Asociaci\u00f3n Patrimonio Cultural se va a realizar una jornada de contacto con la naturaleza a trav\u00e9s de caminatas y un fog\u00f3n a la luz de la luna.<\/p>\n\n\n\n<p>La actividad tiene fecha este s\u00e1bado 24 de febrero, a partir de las 19:30 y es una actividad para todas las edades totalmente gratuita.<\/p>\n\n\n\n<p>Graciela Capodoglio, referente del espacio, se refiere al evento como una \u201cnoche de fog\u00f3n, luna y leyendas\u201d e invita a que \u201cvolvamos a usar la costumbre ancestral de juntarnos junto al fuego a contar leyendas\u201d<\/p>\n\n\n\n<p>Se recomienda traer repelente, ropa c\u00f3moda, algo para compartir en el fog\u00f3n. Adem\u00e1s se llama a la colaboraci\u00f3n de un alimento no perecedero para la colecta de la Biblioteca Palabras del Alma.<\/p>\n\n\n\n<p>M\u00e1s informaci\u00f3n al 11 5730-2504<\/p>\n\n\n\n<p>Invitaci\u00f3n completa<\/p>\n\n\n<p><iframe loading=\"lazy\" src=\"https:\/\/archive.org\/embed\/agenda-cultural-graciela-capodoglio-24-02-2024\" width=\"500\" height=\"60\" frameborder=\"0\" webkitallowfullscreen=\"true\" mozallowfullscreen=\"true\" allowfullscreen><\/iframe><\/p>\n\n\n<p><a href=\"https:\/\/archive.org\/details\/agenda-cultural-graciela-capodoglio-24-02-2024\" data-type=\"link\" data-id=\"https:\/\/archive.org\/details\/agenda-cultural-graciela-capodoglio-24-02-2024\">Descargar<\/a><\/p>\n","protected":false},"excerpt":{"rendered":"<p>En esta ocasi\u00f3n, desde la Reserva Natural del Pilar y la Asociaci\u00f3n Patrimonio Cultural se va a realizar una jornada de contacto con la naturaleza a trav\u00e9s de caminatas y un fog\u00f3n a la luz de la luna. La actividad tiene fecha este s\u00e1bado 24 de febrero, a partir de las 19:30 y es una [&hellip;]<\/p>\n","protected":false},"author":1,"featured_media":6244,"comment_status":"open","ping_status":"open","sticky":false,"template":"","format":"standard","meta":{"footnotes":""},"categories":[2],"tags":[],"class_list":["post-6242","post","type-post","status-publish","format-standard","has-post-thumbnail","hentry","category-ambiente"],"_links":{"self":[{"href":"https:\/\/fmtinkunaco.ar\/index.php?rest_route=\/wp\/v2\/posts\/6242","targetHints":{"allow":["GET"]}}],"collection":[{"href":"https:\/\/fmtinkunaco.ar\/index.php?rest_route=\/wp\/v2\/posts"}],"about":[{"href":"https:\/\/fmtinkunaco.ar\/index.php?rest_route=\/wp\/v2\/types\/post"}],"author":[{"embeddable":true,"href":"https:\/\/fmtinkunaco.ar\/index.php?rest_route=\/wp\/v2\/users\/1"}],"replies":[{"embeddable":true,"href":"https:\/\/fmtinkunaco.ar\/index.php?rest_route=%2Fwp%2Fv2%2Fcomments&post=6242"}],"version-history":[{"count":1,"href":"https:\/\/fmtinkunaco.ar\/index.php?rest_route=\/wp\/v2\/posts\/6242\/revisions"}],"predecessor-version":[{"id":6245,"href":"https:\/\/fmtinkunaco.ar\/index.php?rest_route=\/wp\/v2\/posts\/6242\/revisions\/6245"}],"wp:featuredmedia":[{"embeddable":true,"href":"https:\/\/fmtinkunaco.ar\/index.php?rest_route=\/wp\/v2\/media\/6244"}],"wp:attachment":[{"href":"https:\/\/fmtinkunaco.ar\/index.php?rest_route=%2Fwp%2Fv2%2Fmedia&parent=6242"}],"wp:term":[{"taxonomy":"category","embeddable":true,"href":"https:\/\/fmtinkunaco.ar\/index.php?rest_route=%2Fwp%2Fv2%2Fcategories&post=6242"},{"taxonomy":"post_tag","embeddable":true,"href":"https:\/\/fmtinkunaco.ar\/index.php?rest_route=%2Fwp%2Fv2%2Ftags&post=6242"}],"curies":[{"name":"wp","href":"https:\/\/api.w.org\/{rel}","templated":true}]}}