{"id":6243,"date":"2024-02-21T10:53:57","date_gmt":"2024-02-21T13:53:57","guid":{"rendered":"https:\/\/fmtinkunaco.ar\/?p=6243"},"modified":"2024-02-21T10:53:57","modified_gmt":"2024-02-21T13:53:57","slug":"asambleas-feministas-organizan-un-nuevo-8m-en-el-territorio","status":"publish","type":"post","link":"https:\/\/fmtinkunaco.ar\/?p=6243","title":{"rendered":"Asambleas Feministas organizan un nuevo #8M en el territorio"},"content":{"rendered":"\n<p>Desde la Campa\u00f1a Nacional por el Derecho al Aborto Legal, Seguro y Gratuito del Conurbano Norte-Noroeste convocan a las organizaciones de mujeres, diversidades y feministas del territorio para organizar y planificar acciones en nuevo <strong>8M<\/strong>.<br><br>El pr\u00f3ximo s\u00e1bado 24 de febrero se realizar\u00e1n las primeras asambleas, en simultaneo, a partir de las 16hs en el partido de Tigre, en la Estaci\u00f3n y en San Miguel, se realizar\u00e1 en la Cooperativa Espacio de G\u00e9neros Integral Frida Khalo.<br><br>Claudia Benitez, es referente del Espacio Frida Khalo, y se refiri\u00f3 al objetivo de este encuentro <em>\u201cLa Asamblea Feminista tiene como objetivo pensarnos, encontrarnos y pensar acciones para este 8 de Marzo\u201d.<\/em><br><br>La invitaci\u00f3n es este s\u00e1bado 24 de febrero, a partir de las 16hs, en la Cooperativa Espacio de G\u00e9neros Integral Frida Khalo \u2013 Tribulato 1082, San Miguel.<br><br>Compartimos invitaci\u00f3n<br><br><a href=\"https:\/\/archive.org\/details\/audio-qolka-benitez-24-02\">Descargar<br><\/a><\/p>\n\n\n<p><iframe loading=\"lazy\" src=\"https:\/\/archive.org\/embed\/audio-qolka-benitez-24-02\" width=\"500\" height=\"60\" frameborder=\"0\" webkitallowfullscreen=\"true\" mozallowfullscreen=\"true\" allowfullscreen><\/iframe><\/p>","protected":false},"excerpt":{"rendered":"<p>Desde la Campa\u00f1a Nacional por el Derecho al Aborto Legal, Seguro y Gratuito del Conurbano Norte-Noroeste convocan a las organizaciones de mujeres, diversidades y feministas del territorio para organizar y planificar acciones en nuevo 8M. El pr\u00f3ximo s\u00e1bado 24 de febrero se realizar\u00e1n las primeras asambleas, en simultaneo, a partir de las 16hs en el [&hellip;]<\/p>\n","protected":false},"author":1,"featured_media":6246,"comment_status":"open","ping_status":"open","sticky":false,"template":"","format":"standard","meta":{"footnotes":""},"categories":[6],"tags":[],"class_list":["post-6243","post","type-post","status-publish","format-standard","has-post-thumbnail","hentry","category-genero"],"_links":{"self":[{"href":"https:\/\/fmtinkunaco.ar\/index.php?rest_route=\/wp\/v2\/posts\/6243","targetHints":{"allow":["GET"]}}],"collection":[{"href":"https:\/\/fmtinkunaco.ar\/index.php?rest_route=\/wp\/v2\/posts"}],"about":[{"href":"https:\/\/fmtinkunaco.ar\/index.php?rest_route=\/wp\/v2\/types\/post"}],"author":[{"embeddable":true,"href":"https:\/\/fmtinkunaco.ar\/index.php?rest_route=\/wp\/v2\/users\/1"}],"replies":[{"embeddable":true,"href":"https:\/\/fmtinkunaco.ar\/index.php?rest_route=%2Fwp%2Fv2%2Fcomments&post=6243"}],"version-history":[{"count":1,"href":"https:\/\/fmtinkunaco.ar\/index.php?rest_route=\/wp\/v2\/posts\/6243\/revisions"}],"predecessor-version":[{"id":6247,"href":"https:\/\/fmtinkunaco.ar\/index.php?rest_route=\/wp\/v2\/posts\/6243\/revisions\/6247"}],"wp:featuredmedia":[{"embeddable":true,"href":"https:\/\/fmtinkunaco.ar\/index.php?rest_route=\/wp\/v2\/media\/6246"}],"wp:attachment":[{"href":"https:\/\/fmtinkunaco.ar\/index.php?rest_route=%2Fwp%2Fv2%2Fmedia&parent=6243"}],"wp:term":[{"taxonomy":"category","embeddable":true,"href":"https:\/\/fmtinkunaco.ar\/index.php?rest_route=%2Fwp%2Fv2%2Fcategories&post=6243"},{"taxonomy":"post_tag","embeddable":true,"href":"https:\/\/fmtinkunaco.ar\/index.php?rest_route=%2Fwp%2Fv2%2Ftags&post=6243"}],"curies":[{"name":"wp","href":"https:\/\/api.w.org\/{rel}","templated":true}]}}