{"id":6254,"date":"2024-02-26T11:08:35","date_gmt":"2024-02-26T14:08:35","guid":{"rendered":"https:\/\/fmtinkunaco.ar\/?p=6254"},"modified":"2024-02-26T11:08:35","modified_gmt":"2024-02-26T14:08:35","slug":"corso-en-el-club-solidario-el-merendero","status":"publish","type":"post","link":"https:\/\/fmtinkunaco.ar\/?p=6254","title":{"rendered":"Corso en el Club Solidario el Merendero"},"content":{"rendered":"\n<p>El pr\u00f3ximo s\u00e1bado 02 de febrero el Club Solidario el Merendero va a estar realizando un gran corso dentro del espacio. Esta organizaci\u00f3n comunitaria y popular tiene m\u00e1s de 18 a\u00f1os en el territorio.<\/p>\n\n\n\n<p>La invitaci\u00f3n, hecha por una integrante del Merendero, cuenta que el corso va a tener lugar \u201cen el meren, y a beneficio del meren\u201d, sumado a esto tambi\u00e9n va a contar con varias murgas y precios econ\u00f3micos.<\/p>\n\n\n\n<p>El corso va a ser a partir de las 19:00hs dentro del Merendero, la direcci\u00f3n es Dinamarca esquina Warnes, barrio Sol y Verde (a 4 cuadras de la Estaci\u00f3n de Tren Sol y Verde).<\/p>\n\n\n\n<p>Invitaci\u00f3n completa<\/p>\n\n\n<p><iframe loading=\"lazy\" src=\"https:\/\/archive.org\/embed\/audio-corso-en-el-merendero-de-sol-y-verde-02-03\" width=\"500\" height=\"60\" frameborder=\"0\" webkitallowfullscreen=\"true\" mozallowfullscreen=\"true\" allowfullscreen><\/iframe><\/p>\n\n\n<p><a href=\"https:\/\/archive.org\/details\/audio-corso-en-el-merendero-de-sol-y-verde-02-03\" data-type=\"link\" data-id=\"https:\/\/archive.org\/details\/audio-corso-en-el-merendero-de-sol-y-verde-02-03\">Descargar<\/a><\/p>\n","protected":false},"excerpt":{"rendered":"<p>El pr\u00f3ximo s\u00e1bado 02 de febrero el Club Solidario el Merendero va a estar realizando un gran corso dentro del espacio. Esta organizaci\u00f3n comunitaria y popular tiene m\u00e1s de 18 a\u00f1os en el territorio. La invitaci\u00f3n, hecha por una integrante del Merendero, cuenta que el corso va a tener lugar \u201cen el meren, y a [&hellip;]<\/p>\n","protected":false},"author":1,"featured_media":6255,"comment_status":"open","ping_status":"open","sticky":false,"template":"","format":"standard","meta":{"footnotes":""},"categories":[3],"tags":[],"class_list":["post-6254","post","type-post","status-publish","format-standard","has-post-thumbnail","hentry","category-cultura"],"_links":{"self":[{"href":"https:\/\/fmtinkunaco.ar\/index.php?rest_route=\/wp\/v2\/posts\/6254","targetHints":{"allow":["GET"]}}],"collection":[{"href":"https:\/\/fmtinkunaco.ar\/index.php?rest_route=\/wp\/v2\/posts"}],"about":[{"href":"https:\/\/fmtinkunaco.ar\/index.php?rest_route=\/wp\/v2\/types\/post"}],"author":[{"embeddable":true,"href":"https:\/\/fmtinkunaco.ar\/index.php?rest_route=\/wp\/v2\/users\/1"}],"replies":[{"embeddable":true,"href":"https:\/\/fmtinkunaco.ar\/index.php?rest_route=%2Fwp%2Fv2%2Fcomments&post=6254"}],"version-history":[{"count":1,"href":"https:\/\/fmtinkunaco.ar\/index.php?rest_route=\/wp\/v2\/posts\/6254\/revisions"}],"predecessor-version":[{"id":6256,"href":"https:\/\/fmtinkunaco.ar\/index.php?rest_route=\/wp\/v2\/posts\/6254\/revisions\/6256"}],"wp:featuredmedia":[{"embeddable":true,"href":"https:\/\/fmtinkunaco.ar\/index.php?rest_route=\/wp\/v2\/media\/6255"}],"wp:attachment":[{"href":"https:\/\/fmtinkunaco.ar\/index.php?rest_route=%2Fwp%2Fv2%2Fmedia&parent=6254"}],"wp:term":[{"taxonomy":"category","embeddable":true,"href":"https:\/\/fmtinkunaco.ar\/index.php?rest_route=%2Fwp%2Fv2%2Fcategories&post=6254"},{"taxonomy":"post_tag","embeddable":true,"href":"https:\/\/fmtinkunaco.ar\/index.php?rest_route=%2Fwp%2Fv2%2Ftags&post=6254"}],"curies":[{"name":"wp","href":"https:\/\/api.w.org\/{rel}","templated":true}]}}