{"id":6257,"date":"2024-02-27T10:01:32","date_gmt":"2024-02-27T13:01:32","guid":{"rendered":"https:\/\/fmtinkunaco.ar\/?p=6257"},"modified":"2024-02-27T10:01:32","modified_gmt":"2024-02-27T13:01:32","slug":"el-transformador-de-haedo-invita-al-corso-2024","status":"publish","type":"post","link":"https:\/\/fmtinkunaco.ar\/?p=6257","title":{"rendered":"El Transformador de Haedo invita al corso 2024"},"content":{"rendered":"\n<p>El Transformador de Haedo invita este pr\u00f3ximo s\u00e1bado 2 de marzo al corso que se realizar\u00e1 desde las 18hs en Caseros 200 \u2013 Haedo.<br><br>Aldana Sardelli, referente de El Transformador, comparti\u00f3 lo que habr\u00e1 en este corso <em>\u201cHabr\u00e1 murga, guerra de espumas obviamente, bandas, buffet popular y un mont\u00f3n de cosas m\u00e1s, queremos encontrarnos en la calle un nuevo a\u00f1o para celebrar que seguimos organizados a pesar de todo y que el carnaval sigue resistiendo en las calles\u201d.<\/em><br><br>El corso adem\u00e1s contar\u00e1 con las murgas Maldito Camilo, Entre tanta pavada, Cachengue y sudor y Pa que te muevas.<br><br>La invitaci\u00f3n es el s\u00e1bado 2 de marzo a las 18hs en Caseros 200 \u2013 Haedo.<br><br>Compartimos invitaci\u00f3n<br><br><a href=\"https:\/\/archive.org\/details\/audio-corso-en-el-transformador-02-03\">Descargar<\/a><\/p>\n\n\n<p><iframe loading=\"lazy\" src=\"https:\/\/archive.org\/embed\/audio-corso-en-el-transformador-02-03\" width=\"500\" height=\"60\" frameborder=\"0\" webkitallowfullscreen=\"true\" mozallowfullscreen=\"true\" allowfullscreen><\/iframe><\/p>","protected":false},"excerpt":{"rendered":"<p>El Transformador de Haedo invita este pr\u00f3ximo s\u00e1bado 2 de marzo al corso que se realizar\u00e1 desde las 18hs en Caseros 200 \u2013 Haedo. Aldana Sardelli, referente de El Transformador, comparti\u00f3 lo que habr\u00e1 en este corso \u201cHabr\u00e1 murga, guerra de espumas obviamente, bandas, buffet popular y un mont\u00f3n de cosas m\u00e1s, queremos encontrarnos en [&hellip;]<\/p>\n","protected":false},"author":1,"featured_media":6258,"comment_status":"open","ping_status":"open","sticky":false,"template":"","format":"standard","meta":{"footnotes":""},"categories":[3],"tags":[],"class_list":["post-6257","post","type-post","status-publish","format-standard","has-post-thumbnail","hentry","category-cultura"],"_links":{"self":[{"href":"https:\/\/fmtinkunaco.ar\/index.php?rest_route=\/wp\/v2\/posts\/6257","targetHints":{"allow":["GET"]}}],"collection":[{"href":"https:\/\/fmtinkunaco.ar\/index.php?rest_route=\/wp\/v2\/posts"}],"about":[{"href":"https:\/\/fmtinkunaco.ar\/index.php?rest_route=\/wp\/v2\/types\/post"}],"author":[{"embeddable":true,"href":"https:\/\/fmtinkunaco.ar\/index.php?rest_route=\/wp\/v2\/users\/1"}],"replies":[{"embeddable":true,"href":"https:\/\/fmtinkunaco.ar\/index.php?rest_route=%2Fwp%2Fv2%2Fcomments&post=6257"}],"version-history":[{"count":1,"href":"https:\/\/fmtinkunaco.ar\/index.php?rest_route=\/wp\/v2\/posts\/6257\/revisions"}],"predecessor-version":[{"id":6259,"href":"https:\/\/fmtinkunaco.ar\/index.php?rest_route=\/wp\/v2\/posts\/6257\/revisions\/6259"}],"wp:featuredmedia":[{"embeddable":true,"href":"https:\/\/fmtinkunaco.ar\/index.php?rest_route=\/wp\/v2\/media\/6258"}],"wp:attachment":[{"href":"https:\/\/fmtinkunaco.ar\/index.php?rest_route=%2Fwp%2Fv2%2Fmedia&parent=6257"}],"wp:term":[{"taxonomy":"category","embeddable":true,"href":"https:\/\/fmtinkunaco.ar\/index.php?rest_route=%2Fwp%2Fv2%2Fcategories&post=6257"},{"taxonomy":"post_tag","embeddable":true,"href":"https:\/\/fmtinkunaco.ar\/index.php?rest_route=%2Fwp%2Fv2%2Ftags&post=6257"}],"curies":[{"name":"wp","href":"https:\/\/api.w.org\/{rel}","templated":true}]}}