{"id":6260,"date":"2024-02-27T10:52:42","date_gmt":"2024-02-27T13:52:42","guid":{"rendered":"https:\/\/fmtinkunaco.ar\/?p=6260"},"modified":"2024-02-27T10:52:42","modified_gmt":"2024-02-27T13:52:42","slug":"colectivo-de-artistas-del-noroeste-invita-a-un-festival-cultural-y-artistico","status":"publish","type":"post","link":"https:\/\/fmtinkunaco.ar\/?p=6260","title":{"rendered":"Colectivo de Artistas del Noroeste invita a un \u00a0Festival Cultural y Art\u00edstico"},"content":{"rendered":"\n<p>El Colectivo de Artistas del Noroeste est\u00e1 organizando un Festival en la Localidad de Jos\u00e9 C. Paz con el fin de invitar a toda la comunidad art\u00edstica, cultural y comunitaria a movilizarse en oposici\u00f3n a las pol\u00edticas como el DNU, la Ley \u00d3mnibus y el protocolo represivo impulsadas por el Gobierno actual.<\/p>\n\n\n\n<p>Esta organizaci\u00f3n conformada por artistas de diferentes espacios, como danza, teatro, m\u00fasica y literatura entre otros, no solo busca una uni\u00f3n pol\u00edtica sino tambi\u00e9n defender los valores culturales y la libertad de expresarse que definen el \u00e1mbito art\u00edstico.<\/p>\n\n\n\n<p>Gustavo Suarez, referente del colectivo, comentaba que \u201c<em>habr\u00e1n bandas en vivo, poes\u00eda, artes visuales, feria artesanal, performances, buffet. Todos los que quieran ir y colaborar con un alimento no perecedero y \u00fatiles escolares\u201d.<\/em><\/p>\n\n\n\n<p>El festival se va a estar realizando el s\u00e1bado 02 de Marzo a las 16:00hs en la calle Zuviria, entre Arias y Lavalle (Jos\u00e9 C. Paz).<\/p>\n\n\n\n<p><a href=\"https:\/\/archive.org\/details\/agenda-cultural-gustavo-suarez-26-02-2024-1\" data-type=\"link\" data-id=\"https:\/\/archive.org\/details\/agenda-cultural-gustavo-suarez-26-02-2024-1\">Invitaci\u00f3n completa<\/a><\/p>\n\n\n<p><iframe loading=\"lazy\" src=\"https:\/\/archive.org\/embed\/agenda-cultural-gustavo-suarez-26-02-2024-1\" width=\"500\" height=\"60\" frameborder=\"0\" webkitallowfullscreen=\"true\" mozallowfullscreen=\"true\" allowfullscreen><\/iframe><\/p>\n\n\n<p>Descargar<\/p>\n","protected":false},"excerpt":{"rendered":"<p>El Colectivo de Artistas del Noroeste est\u00e1 organizando un Festival en la Localidad de Jos\u00e9 C. Paz con el fin de invitar a toda la comunidad art\u00edstica, cultural y comunitaria a movilizarse en oposici\u00f3n a las pol\u00edticas como el DNU, la Ley \u00d3mnibus y el protocolo represivo impulsadas por el Gobierno actual. Esta organizaci\u00f3n conformada [&hellip;]<\/p>\n","protected":false},"author":1,"featured_media":6261,"comment_status":"open","ping_status":"open","sticky":false,"template":"","format":"standard","meta":{"footnotes":""},"categories":[3],"tags":[],"class_list":["post-6260","post","type-post","status-publish","format-standard","has-post-thumbnail","hentry","category-cultura"],"_links":{"self":[{"href":"https:\/\/fmtinkunaco.ar\/index.php?rest_route=\/wp\/v2\/posts\/6260","targetHints":{"allow":["GET"]}}],"collection":[{"href":"https:\/\/fmtinkunaco.ar\/index.php?rest_route=\/wp\/v2\/posts"}],"about":[{"href":"https:\/\/fmtinkunaco.ar\/index.php?rest_route=\/wp\/v2\/types\/post"}],"author":[{"embeddable":true,"href":"https:\/\/fmtinkunaco.ar\/index.php?rest_route=\/wp\/v2\/users\/1"}],"replies":[{"embeddable":true,"href":"https:\/\/fmtinkunaco.ar\/index.php?rest_route=%2Fwp%2Fv2%2Fcomments&post=6260"}],"version-history":[{"count":1,"href":"https:\/\/fmtinkunaco.ar\/index.php?rest_route=\/wp\/v2\/posts\/6260\/revisions"}],"predecessor-version":[{"id":6262,"href":"https:\/\/fmtinkunaco.ar\/index.php?rest_route=\/wp\/v2\/posts\/6260\/revisions\/6262"}],"wp:featuredmedia":[{"embeddable":true,"href":"https:\/\/fmtinkunaco.ar\/index.php?rest_route=\/wp\/v2\/media\/6261"}],"wp:attachment":[{"href":"https:\/\/fmtinkunaco.ar\/index.php?rest_route=%2Fwp%2Fv2%2Fmedia&parent=6260"}],"wp:term":[{"taxonomy":"category","embeddable":true,"href":"https:\/\/fmtinkunaco.ar\/index.php?rest_route=%2Fwp%2Fv2%2Fcategories&post=6260"},{"taxonomy":"post_tag","embeddable":true,"href":"https:\/\/fmtinkunaco.ar\/index.php?rest_route=%2Fwp%2Fv2%2Ftags&post=6260"}],"curies":[{"name":"wp","href":"https:\/\/api.w.org\/{rel}","templated":true}]}}