{"id":6288,"date":"2024-03-14T09:58:54","date_gmt":"2024-03-14T12:58:54","guid":{"rendered":"https:\/\/fmtinkunaco.ar\/?p=6288"},"modified":"2024-03-14T11:19:30","modified_gmt":"2024-03-14T14:19:30","slug":"presentacion-de-karen-pastrana-en-el-festival-itu-memoria","status":"publish","type":"post","link":"https:\/\/fmtinkunaco.ar\/?p=6288","title":{"rendered":"Presentaci\u00f3n de Karen Pastrana en el Festival \u201cItu Memoria\u201d"},"content":{"rendered":"\n<p>Este s\u00e1bado 16 y domingo 17 se va a estar llevando a cabo el primer encuentro de muralismo \u201cItu Memoria\u201d, desde las 12hs hasta las 18hs aproximadamente.<\/p>\n\n\n<div class=\"wp-block-image\">\n<figure class=\"aligncenter size-large\"><img loading=\"lazy\" decoding=\"async\" width=\"1024\" height=\"1024\" src=\"https:\/\/fmtinkunaco.ar\/wp-content\/uploads\/2024\/03\/WhatsApp-Image-2024-03-11-at-09.49.57-1024x1024.jpeg\" alt=\"\" class=\"wp-image-6290\" srcset=\"https:\/\/fmtinkunaco.ar\/wp-content\/uploads\/2024\/03\/WhatsApp-Image-2024-03-11-at-09.49.57-1024x1024.jpeg 1024w, https:\/\/fmtinkunaco.ar\/wp-content\/uploads\/2024\/03\/WhatsApp-Image-2024-03-11-at-09.49.57-300x300.jpeg 300w, https:\/\/fmtinkunaco.ar\/wp-content\/uploads\/2024\/03\/WhatsApp-Image-2024-03-11-at-09.49.57-150x150.jpeg 150w, https:\/\/fmtinkunaco.ar\/wp-content\/uploads\/2024\/03\/WhatsApp-Image-2024-03-11-at-09.49.57-768x768.jpeg 768w, https:\/\/fmtinkunaco.ar\/wp-content\/uploads\/2024\/03\/WhatsApp-Image-2024-03-11-at-09.49.57.jpeg 1080w\" sizes=\"auto, (max-width: 1024px) 100vw, 1024px\" \/><\/figure>\n<\/div>\n\n\n<p>Van a realizar 10 murales en el boulevard Fleming en la localidad de Ituizango. Estos murales se realizar\u00e1n bajo la premisa de reivindicar la Memoria a trav\u00e9s del arte conmemorando el D\u00eda Nacional por la Memoria, Verdad y la Justicia.<\/p>\n\n\n\n<p>Este festival no solo cuenta con intervenciones art\u00edsticas de muralistas invitados de toda la provincia de Buenos Aires, sino tambi\u00e9n el s\u00e1bado se va a presentar la murga \u201cLxs que quedamos\u201d.<\/p>\n\n\n\n<p>Adem\u00e1s, el domingo va a estar cerrando el festival la cantautora y rapera Karen Pastrana. La cual, cuenta en el Noticiero, que la cultura y el arte son inseparables de la vida y c\u00f3mo hay que inspirar esto en las nuevas generaciones, \u201c<em>la cultura del hip hop es c\u00edclica, pega la vuelta y vuelve a renacer<\/em>\u201d. Y recalca la importancia de heredar y reproducir \u00ab<em><strong>mensajes de resistencia, de memoria y de lucha<\/strong>, y empezar a ponerlos no solo en palabras sino tambi\u00e9n en valor\u00bb.<\/em><\/p>\n\n\n\n<p>Invita &nbsp;tambi\u00e9n a no delegar el lenguaje de resistencia al arte, sino tambi\u00e9n a \u201c<em>construir la memoria desde todos los lugares y todas las posibilidades que tengamos\u201d.<\/em><\/p>\n\n\n\n<p>Entrevista Completa realizada en el Noticiero Encuentro con las noticias<\/p>\n\n\n\n<p><\/p>\n\n\n<p><iframe loading=\"lazy\" src=\"https:\/\/archive.org\/embed\/entrevista-karen-pastrana-13-3-24mp-3\" width=\"500\" height=\"60\" frameborder=\"0\" webkitallowfullscreen=\"true\" mozallowfullscreen=\"true\" allowfullscreen><\/iframe><\/p>\n\n\n<p><a href=\"https:\/\/archive.org\/details\/entrevista-karen-pastrana-13-3-24mp-3\" data-type=\"link\" data-id=\"https:\/\/archive.org\/details\/entrevista-karen-pastrana-13-3-24mp-3\">Descargar<\/a><\/p>\n\n\n\n<p><\/p>\n","protected":false},"excerpt":{"rendered":"<p>Este s\u00e1bado 16 y domingo 17 se va a estar llevando a cabo el primer encuentro de muralismo \u201cItu Memoria\u201d, desde las 12hs hasta las 18hs aproximadamente. Van a realizar 10 murales en el boulevard Fleming en la localidad de Ituizango. Estos murales se realizar\u00e1n bajo la premisa de reivindicar la Memoria a trav\u00e9s del [&hellip;]<\/p>\n","protected":false},"author":1,"featured_media":6289,"comment_status":"open","ping_status":"open","sticky":false,"template":"","format":"standard","meta":{"footnotes":""},"categories":[3,4],"tags":[],"class_list":["post-6288","post","type-post","status-publish","format-standard","has-post-thumbnail","hentry","category-cultura","category-derechos-humanos"],"_links":{"self":[{"href":"https:\/\/fmtinkunaco.ar\/index.php?rest_route=\/wp\/v2\/posts\/6288","targetHints":{"allow":["GET"]}}],"collection":[{"href":"https:\/\/fmtinkunaco.ar\/index.php?rest_route=\/wp\/v2\/posts"}],"about":[{"href":"https:\/\/fmtinkunaco.ar\/index.php?rest_route=\/wp\/v2\/types\/post"}],"author":[{"embeddable":true,"href":"https:\/\/fmtinkunaco.ar\/index.php?rest_route=\/wp\/v2\/users\/1"}],"replies":[{"embeddable":true,"href":"https:\/\/fmtinkunaco.ar\/index.php?rest_route=%2Fwp%2Fv2%2Fcomments&post=6288"}],"version-history":[{"count":4,"href":"https:\/\/fmtinkunaco.ar\/index.php?rest_route=\/wp\/v2\/posts\/6288\/revisions"}],"predecessor-version":[{"id":6296,"href":"https:\/\/fmtinkunaco.ar\/index.php?rest_route=\/wp\/v2\/posts\/6288\/revisions\/6296"}],"wp:featuredmedia":[{"embeddable":true,"href":"https:\/\/fmtinkunaco.ar\/index.php?rest_route=\/wp\/v2\/media\/6289"}],"wp:attachment":[{"href":"https:\/\/fmtinkunaco.ar\/index.php?rest_route=%2Fwp%2Fv2%2Fmedia&parent=6288"}],"wp:term":[{"taxonomy":"category","embeddable":true,"href":"https:\/\/fmtinkunaco.ar\/index.php?rest_route=%2Fwp%2Fv2%2Fcategories&post=6288"},{"taxonomy":"post_tag","embeddable":true,"href":"https:\/\/fmtinkunaco.ar\/index.php?rest_route=%2Fwp%2Fv2%2Ftags&post=6288"}],"curies":[{"name":"wp","href":"https:\/\/api.w.org\/{rel}","templated":true}]}}