{"id":6300,"date":"2024-03-15T10:59:37","date_gmt":"2024-03-15T13:59:37","guid":{"rendered":"https:\/\/fmtinkunaco.ar\/?p=6300"},"modified":"2024-03-15T10:59:37","modified_gmt":"2024-03-15T13:59:37","slug":"la-comunidad-de-barrio-los-tambos-bajo-agua-por-un-desarrollo-inmobiliario-ilegal","status":"publish","type":"post","link":"https:\/\/fmtinkunaco.ar\/?p=6300","title":{"rendered":"La comunidad de barrio Los Tambos bajo agua por un desarrollo inmobiliario ilegal"},"content":{"rendered":"\n<p>Vecinos y vecinas de barrio Los Tambos, ubicado en ruta 25, denuncian que se encuentran bajo agua a ra\u00edz de que el Arroyo Toro se encuentra tapado por un desarrollo inmobiliario ilegal.<br><br>Patricia, vecina del barrio, describi\u00f3 la situaci\u00f3n <em>\u201cLa situaci\u00f3n que se est\u00e1 atravesando ahora, que no es solo a ra\u00edz de este problema clim\u00e1tico es muy grave porque hay m\u00e1s de 60 familias que tienen grandes dificultades para entrar y salir de su casa, para llevar a los chicos a la escuela o ante cualquier tipo de emergencia. Incluso con veh\u00edculos es complicado el ingreso y egreso por la calle El Matrero porque est\u00e1 inundada y todo esto tiene que ver con un emprendimiento que ya se viene denunciando desde el a\u00f1o 2022 y en el a\u00f1o 2023. (\u2026) Puntualmente hoy estamos muy preocupados, ya desde el a\u00f1o pasado que se hicieron denuncias en el municipio, en la fiscal\u00eda porque esta gente que en teor\u00eda est\u00e1 haciendo un desarrollo inmobiliario donde el municipio hasta hace 15 d\u00edas dice que la obra est\u00e1 paralizada pero a pesar de que est\u00e1 paralizada hay gente habitualmente en el predio y dentro de las cosas que hicieron, el movimiento de suelo sin un estudio de impacto ambiental lo que hicieron fue cambiar el curso y tapar, porque taparon, el arroyo toro en el tramo final\u201d.<\/em><br><br>Patricia, adem\u00e1s, remarc\u00f3 <em>\u201cPasaron tres meses y ni el municipio, ni hidr\u00e1ulica de la provincia que tambi\u00e9n est\u00e1 notificada y hay un expediente en tr\u00e1mite se acerc\u00f3 al barrio a ver qu\u00e9 remedio encontraban\u201d.<\/em><br><br>Finalmente, Patricia, sostuvo <em>\u201cLo que necesitamos es que las autoridades se hagan cargo\u201d.<\/em><br><br>Compartimos la entrevista completa<\/p>\n\n\n\n<p><a href=\"https:\/\/archive.org\/details\/audio-patricia-barrio-los-tambos\">Descargar<\/a><\/p>\n\n\n<p><iframe loading=\"lazy\" src=\"https:\/\/archive.org\/embed\/audio-patricia-barrio-los-tambos\" width=\"500\" height=\"60\" frameborder=\"0\" webkitallowfullscreen=\"true\" mozallowfullscreen=\"true\" allowfullscreen><\/iframe><\/p>","protected":false},"excerpt":{"rendered":"<p>Vecinos y vecinas de barrio Los Tambos, ubicado en ruta 25, denuncian que se encuentran bajo agua a ra\u00edz de que el Arroyo Toro se encuentra tapado por un desarrollo inmobiliario ilegal. Patricia, vecina del barrio, describi\u00f3 la situaci\u00f3n \u201cLa situaci\u00f3n que se est\u00e1 atravesando ahora, que no es solo a ra\u00edz de este problema [&hellip;]<\/p>\n","protected":false},"author":1,"featured_media":6301,"comment_status":"open","ping_status":"open","sticky":false,"template":"","format":"standard","meta":{"footnotes":""},"categories":[2],"tags":[],"class_list":["post-6300","post","type-post","status-publish","format-standard","has-post-thumbnail","hentry","category-ambiente"],"_links":{"self":[{"href":"https:\/\/fmtinkunaco.ar\/index.php?rest_route=\/wp\/v2\/posts\/6300","targetHints":{"allow":["GET"]}}],"collection":[{"href":"https:\/\/fmtinkunaco.ar\/index.php?rest_route=\/wp\/v2\/posts"}],"about":[{"href":"https:\/\/fmtinkunaco.ar\/index.php?rest_route=\/wp\/v2\/types\/post"}],"author":[{"embeddable":true,"href":"https:\/\/fmtinkunaco.ar\/index.php?rest_route=\/wp\/v2\/users\/1"}],"replies":[{"embeddable":true,"href":"https:\/\/fmtinkunaco.ar\/index.php?rest_route=%2Fwp%2Fv2%2Fcomments&post=6300"}],"version-history":[{"count":1,"href":"https:\/\/fmtinkunaco.ar\/index.php?rest_route=\/wp\/v2\/posts\/6300\/revisions"}],"predecessor-version":[{"id":6302,"href":"https:\/\/fmtinkunaco.ar\/index.php?rest_route=\/wp\/v2\/posts\/6300\/revisions\/6302"}],"wp:featuredmedia":[{"embeddable":true,"href":"https:\/\/fmtinkunaco.ar\/index.php?rest_route=\/wp\/v2\/media\/6301"}],"wp:attachment":[{"href":"https:\/\/fmtinkunaco.ar\/index.php?rest_route=%2Fwp%2Fv2%2Fmedia&parent=6300"}],"wp:term":[{"taxonomy":"category","embeddable":true,"href":"https:\/\/fmtinkunaco.ar\/index.php?rest_route=%2Fwp%2Fv2%2Fcategories&post=6300"},{"taxonomy":"post_tag","embeddable":true,"href":"https:\/\/fmtinkunaco.ar\/index.php?rest_route=%2Fwp%2Fv2%2Ftags&post=6300"}],"curies":[{"name":"wp","href":"https:\/\/api.w.org\/{rel}","templated":true}]}}