{"id":6307,"date":"2024-03-18T10:23:30","date_gmt":"2024-03-18T13:23:30","guid":{"rendered":"https:\/\/fmtinkunaco.ar\/?p=6307"},"modified":"2024-03-18T10:23:30","modified_gmt":"2024-03-18T13:23:30","slug":"jornada-de-murales-en-el-gorki","status":"publish","type":"post","link":"https:\/\/fmtinkunaco.ar\/?p=6307","title":{"rendered":"Jornada de murales en el Gorki"},"content":{"rendered":"\n<p>En el marco del Mes de la Memoria, el Taller de Murales de la Biblioteca Paulo Freire fue invitado desde el Municipio de Mor\u00f3n para pintar un mural conmemorativo y conocer la el Espacio de Memoria \u201cMansi\u00f3n Ser\u00e9\u201d.<\/p>\n\n\n\n<p>La Mansi\u00f3n Ser\u00e9, fue un centro clandestino de detenci\u00f3n que funcion\u00f3 durante el gobierno de facto autodenominado \u201cProceso de Reorganizaci\u00f3n Nacional\u201d y se ubica en la actualidad dentro del Polideportivo Gorki Grana.<\/p>\n\n\n\n<p>Anah\u00ed Rojas, artista visual, tallerista y educadora popular, comenta la importancia de c\u00f3mo \u201c<em>La memoria nos da la posibilidad de repensarnos. (\u2026) queremos acompa\u00f1ar&nbsp; desde lo art\u00edstico pero tambi\u00e9n desde lo pol\u00edtico, desde las personas que somos y las personas que queremos formar\u201d.<\/em><\/p>\n\n\n\n<p>El taller de muralismo de la Biblioteca Paulo Freire, al ser uno de los talleres m\u00e1s antiguos, tiene ya cierta reputaci\u00f3n en el territorio y con los vecinos. Con proyectos art\u00edsticos e intervenciones de la mano de muralistas de diferentes localidades de Buenos Aires, se siguen manteniendo los murales intactos en las paredes del barrio y se proyectan m\u00e1s jornadas art\u00edsticas.<\/p>\n\n\n\n<p>El mural se va a estar realizando este jueves 21 de Marzo dentro del Centro Recreativo y Deportivo Municipal Gorki Grana.<\/p>\n\n\n\n<p>Entrevista realizada en el Noticiero Encuentro con las noticias<\/p>\n\n\n<p><iframe loading=\"lazy\" src=\"https:\/\/archive.org\/embed\/entrevista-anahi-mural-en-el-gorki-21-03-24\" width=\"500\" height=\"60\" frameborder=\"0\" webkitallowfullscreen=\"true\" mozallowfullscreen=\"true\" allowfullscreen><\/iframe><\/p>\n\n\n<p><a href=\"https:\/\/archive.org\/details\/entrevista-anahi-mural-en-el-gorki-21-03-24\" data-type=\"link\" data-id=\"https:\/\/archive.org\/details\/entrevista-anahi-mural-en-el-gorki-21-03-24\">Descargar<\/a><\/p>\n","protected":false},"excerpt":{"rendered":"<p>En el marco del Mes de la Memoria, el Taller de Murales de la Biblioteca Paulo Freire fue invitado desde el Municipio de Mor\u00f3n para pintar un mural conmemorativo y conocer la el Espacio de Memoria \u201cMansi\u00f3n Ser\u00e9\u201d. La Mansi\u00f3n Ser\u00e9, fue un centro clandestino de detenci\u00f3n que funcion\u00f3 durante el gobierno de facto autodenominado [&hellip;]<\/p>\n","protected":false},"author":1,"featured_media":6308,"comment_status":"open","ping_status":"open","sticky":false,"template":"","format":"standard","meta":{"footnotes":""},"categories":[1],"tags":[],"class_list":["post-6307","post","type-post","status-publish","format-standard","has-post-thumbnail","hentry","category-blog"],"_links":{"self":[{"href":"https:\/\/fmtinkunaco.ar\/index.php?rest_route=\/wp\/v2\/posts\/6307","targetHints":{"allow":["GET"]}}],"collection":[{"href":"https:\/\/fmtinkunaco.ar\/index.php?rest_route=\/wp\/v2\/posts"}],"about":[{"href":"https:\/\/fmtinkunaco.ar\/index.php?rest_route=\/wp\/v2\/types\/post"}],"author":[{"embeddable":true,"href":"https:\/\/fmtinkunaco.ar\/index.php?rest_route=\/wp\/v2\/users\/1"}],"replies":[{"embeddable":true,"href":"https:\/\/fmtinkunaco.ar\/index.php?rest_route=%2Fwp%2Fv2%2Fcomments&post=6307"}],"version-history":[{"count":1,"href":"https:\/\/fmtinkunaco.ar\/index.php?rest_route=\/wp\/v2\/posts\/6307\/revisions"}],"predecessor-version":[{"id":6309,"href":"https:\/\/fmtinkunaco.ar\/index.php?rest_route=\/wp\/v2\/posts\/6307\/revisions\/6309"}],"wp:featuredmedia":[{"embeddable":true,"href":"https:\/\/fmtinkunaco.ar\/index.php?rest_route=\/wp\/v2\/media\/6308"}],"wp:attachment":[{"href":"https:\/\/fmtinkunaco.ar\/index.php?rest_route=%2Fwp%2Fv2%2Fmedia&parent=6307"}],"wp:term":[{"taxonomy":"category","embeddable":true,"href":"https:\/\/fmtinkunaco.ar\/index.php?rest_route=%2Fwp%2Fv2%2Fcategories&post=6307"},{"taxonomy":"post_tag","embeddable":true,"href":"https:\/\/fmtinkunaco.ar\/index.php?rest_route=%2Fwp%2Fv2%2Ftags&post=6307"}],"curies":[{"name":"wp","href":"https:\/\/api.w.org\/{rel}","templated":true}]}}