{"id":634,"date":"2010-09-15T12:15:00","date_gmt":"2010-09-15T15:15:00","guid":{"rendered":"http:\/\/fmtinkunaco.redelivre.org.br\/vamos-a-andar-13-de-septiembre-del-2010\/"},"modified":"2010-09-15T12:15:00","modified_gmt":"2010-09-15T15:15:00","slug":"vamos-a-andar-13-de-septiembre-del-2010","status":"publish","type":"post","link":"https:\/\/fmtinkunaco.ar\/?p=634","title":{"rendered":"Vamos a Andar 13 de Septiembre del 2010"},"content":{"rendered":"<p>Informaci\u00f3n, actualidad, reportajes en vivo, entrevistas, m\u00fasica y memoria.<br \/>Conducci\u00f3n: Ruben Becerra<\/p>\n<p>Para descargar este programa <a href=\"http:\/\/www.archive.org\/download\/PGM_VA_13_09_2010\/PGM_VA_13_09_2010.mp3\">click aca<\/a><\/p>\n","protected":false},"excerpt":{"rendered":"<p>Informaci\u00f3n, actualidad, reportajes en vivo, entrevistas, m\u00fasica y memoria.Conducci\u00f3n: Ruben Becerra Para descargar este programa click aca<\/p>\n","protected":false},"author":1,"featured_media":0,"comment_status":"open","ping_status":"open","sticky":false,"template":"","format":"standard","meta":{"footnotes":""},"categories":[8],"tags":[],"class_list":["post-634","post","type-post","status-publish","format-standard","hentry","category-sem-categoria"],"_links":{"self":[{"href":"https:\/\/fmtinkunaco.ar\/index.php?rest_route=\/wp\/v2\/posts\/634","targetHints":{"allow":["GET"]}}],"collection":[{"href":"https:\/\/fmtinkunaco.ar\/index.php?rest_route=\/wp\/v2\/posts"}],"about":[{"href":"https:\/\/fmtinkunaco.ar\/index.php?rest_route=\/wp\/v2\/types\/post"}],"author":[{"embeddable":true,"href":"https:\/\/fmtinkunaco.ar\/index.php?rest_route=\/wp\/v2\/users\/1"}],"replies":[{"embeddable":true,"href":"https:\/\/fmtinkunaco.ar\/index.php?rest_route=%2Fwp%2Fv2%2Fcomments&post=634"}],"version-history":[{"count":0,"href":"https:\/\/fmtinkunaco.ar\/index.php?rest_route=\/wp\/v2\/posts\/634\/revisions"}],"wp:attachment":[{"href":"https:\/\/fmtinkunaco.ar\/index.php?rest_route=%2Fwp%2Fv2%2Fmedia&parent=634"}],"wp:term":[{"taxonomy":"category","embeddable":true,"href":"https:\/\/fmtinkunaco.ar\/index.php?rest_route=%2Fwp%2Fv2%2Fcategories&post=634"},{"taxonomy":"post_tag","embeddable":true,"href":"https:\/\/fmtinkunaco.ar\/index.php?rest_route=%2Fwp%2Fv2%2Ftags&post=634"}],"curies":[{"name":"wp","href":"https:\/\/api.w.org\/{rel}","templated":true}]}}