{"id":6343,"date":"2024-03-26T10:48:11","date_gmt":"2024-03-26T13:48:11","guid":{"rendered":"https:\/\/fmtinkunaco.ar\/?p=6343"},"modified":"2024-03-26T10:51:13","modified_gmt":"2024-03-26T13:51:13","slug":"control-de-especies-invasoras-en-el-sendero-de-las-tortugas-de-la-reserva-natural-del-pilar","status":"publish","type":"post","link":"https:\/\/fmtinkunaco.ar\/?p=6343","title":{"rendered":"Control de Especies Invasoras en el Sendero de las Tortugas de la Reserva Natural del Pilar"},"content":{"rendered":"\n<p>Desde la Reserva Natural del Pilar y la Asociaci\u00f3n Patrimonio Cultural convocan a la comunidad a participar de la limpieza y control de especies ex\u00f3ticas invasoras en el Sendero de las Tortugas.<\/p>\n\n\n\n<p>Graciela Capodoglio, referente de la Reserva, invita a voluntarios a \u201c<em>mejorar la costa del rio, as\u00ed, las tortugas, que habitan ese lugar puedan moverse con m\u00e1s facilidad<\/em>\u201d. Ella tambi\u00e9n menciona que al cuidar estos espacios, se puede \u201c<em>comprender que los problemas ambientales son problemas que nos atacan a todos<\/em>.\u201d<\/p>\n\n\n\n<p>Recomiendan traer calzado cerrado, pantalones largos, repelente y vianda. Tambi\u00e9n invitan a colaborar con alimento no perecedero para la Biblioteca Palabras del Alma.<\/p>\n\n\n\n<p>La actividad ser\u00e1 este s\u00e1bado 30 de Marzo a partir de las 10hs y la direcci\u00f3n de la Reserva es Dr. Manuel Argerich 10 (Pilar).<\/p>\n\n\n\n<p>Se suspende en caso de lluvia.<\/p>\n\n\n\n<p>Invitaci\u00f3n realizada en el Noticiero Encuentro con las noticias<\/p>\n\n\n<p><iframe loading=\"lazy\" src=\"https:\/\/archive.org\/embed\/auudio-sendero-de-tortugas-reserva-pilar-30-03-24_202403\" width=\"500\" height=\"60\" frameborder=\"0\" webkitallowfullscreen=\"true\" mozallowfullscreen=\"true\" allowfullscreen><\/iframe><\/p>\n\n\n<p><a href=\"https:\/\/archive.org\/details\/auudio-sendero-de-tortugas-reserva-pilar-30-03-24_202403\" data-type=\"link\" data-id=\"https:\/\/archive.org\/details\/auudio-sendero-de-tortugas-reserva-pilar-30-03-24_202403\">Descargar<\/a><\/p>\n","protected":false},"excerpt":{"rendered":"<p>Desde la Reserva Natural del Pilar y la Asociaci\u00f3n Patrimonio Cultural convocan a la comunidad a participar de la limpieza y control de especies ex\u00f3ticas invasoras en el Sendero de las Tortugas. Graciela Capodoglio, referente de la Reserva, invita a voluntarios a \u201cmejorar la costa del rio, as\u00ed, las tortugas, que habitan ese lugar puedan [&hellip;]<\/p>\n","protected":false},"author":1,"featured_media":6344,"comment_status":"open","ping_status":"open","sticky":false,"template":"","format":"standard","meta":{"footnotes":""},"categories":[2],"tags":[],"class_list":["post-6343","post","type-post","status-publish","format-standard","has-post-thumbnail","hentry","category-ambiente"],"_links":{"self":[{"href":"https:\/\/fmtinkunaco.ar\/index.php?rest_route=\/wp\/v2\/posts\/6343","targetHints":{"allow":["GET"]}}],"collection":[{"href":"https:\/\/fmtinkunaco.ar\/index.php?rest_route=\/wp\/v2\/posts"}],"about":[{"href":"https:\/\/fmtinkunaco.ar\/index.php?rest_route=\/wp\/v2\/types\/post"}],"author":[{"embeddable":true,"href":"https:\/\/fmtinkunaco.ar\/index.php?rest_route=\/wp\/v2\/users\/1"}],"replies":[{"embeddable":true,"href":"https:\/\/fmtinkunaco.ar\/index.php?rest_route=%2Fwp%2Fv2%2Fcomments&post=6343"}],"version-history":[{"count":1,"href":"https:\/\/fmtinkunaco.ar\/index.php?rest_route=\/wp\/v2\/posts\/6343\/revisions"}],"predecessor-version":[{"id":6345,"href":"https:\/\/fmtinkunaco.ar\/index.php?rest_route=\/wp\/v2\/posts\/6343\/revisions\/6345"}],"wp:featuredmedia":[{"embeddable":true,"href":"https:\/\/fmtinkunaco.ar\/index.php?rest_route=\/wp\/v2\/media\/6344"}],"wp:attachment":[{"href":"https:\/\/fmtinkunaco.ar\/index.php?rest_route=%2Fwp%2Fv2%2Fmedia&parent=6343"}],"wp:term":[{"taxonomy":"category","embeddable":true,"href":"https:\/\/fmtinkunaco.ar\/index.php?rest_route=%2Fwp%2Fv2%2Fcategories&post=6343"},{"taxonomy":"post_tag","embeddable":true,"href":"https:\/\/fmtinkunaco.ar\/index.php?rest_route=%2Fwp%2Fv2%2Ftags&post=6343"}],"curies":[{"name":"wp","href":"https:\/\/api.w.org\/{rel}","templated":true}]}}