{"id":635,"date":"2010-09-14T08:39:00","date_gmt":"2010-09-14T11:39:00","guid":{"rendered":"http:\/\/fmtinkunaco.redelivre.org.br\/movimiento-radial\/"},"modified":"2010-09-14T08:39:00","modified_gmt":"2010-09-14T11:39:00","slug":"movimiento-radial","status":"publish","type":"post","link":"https:\/\/fmtinkunaco.ar\/?p=635","title":{"rendered":"Movimiento Radial"},"content":{"rendered":"<p>Este s\u00e1bado comenz\u00f3 un nuevo programa. Con la producci\u00f3n de Valmiro Mainetti y la conducci\u00f3n de Fernanda Villanueva, esta nueva producci\u00f3n comparte producciones del sitio radialistas.net y radioteca.net <\/p>\n<p>Todos los s\u00e1bados de 12 a 13hs.<\/p>\n<p>Para descargar este programa <a href=\"http:\/\/www.archive.org\/download\/PGM_MR_11_09_10\/MovimientoRadial11.09.10.mp3\">click aca<\/a><\/p>\n","protected":false},"excerpt":{"rendered":"<p>Este s\u00e1bado comenz\u00f3 un nuevo programa. Con la producci\u00f3n de Valmiro Mainetti y la conducci\u00f3n de Fernanda Villanueva, esta nueva producci\u00f3n comparte producciones del sitio radialistas.net y radioteca.net Todos los s\u00e1bados de 12 a 13hs. Para descargar este programa click aca<\/p>\n","protected":false},"author":1,"featured_media":0,"comment_status":"open","ping_status":"open","sticky":false,"template":"","format":"standard","meta":{"footnotes":""},"categories":[8],"tags":[],"class_list":["post-635","post","type-post","status-publish","format-standard","hentry","category-sem-categoria"],"_links":{"self":[{"href":"https:\/\/fmtinkunaco.ar\/index.php?rest_route=\/wp\/v2\/posts\/635","targetHints":{"allow":["GET"]}}],"collection":[{"href":"https:\/\/fmtinkunaco.ar\/index.php?rest_route=\/wp\/v2\/posts"}],"about":[{"href":"https:\/\/fmtinkunaco.ar\/index.php?rest_route=\/wp\/v2\/types\/post"}],"author":[{"embeddable":true,"href":"https:\/\/fmtinkunaco.ar\/index.php?rest_route=\/wp\/v2\/users\/1"}],"replies":[{"embeddable":true,"href":"https:\/\/fmtinkunaco.ar\/index.php?rest_route=%2Fwp%2Fv2%2Fcomments&post=635"}],"version-history":[{"count":0,"href":"https:\/\/fmtinkunaco.ar\/index.php?rest_route=\/wp\/v2\/posts\/635\/revisions"}],"wp:attachment":[{"href":"https:\/\/fmtinkunaco.ar\/index.php?rest_route=%2Fwp%2Fv2%2Fmedia&parent=635"}],"wp:term":[{"taxonomy":"category","embeddable":true,"href":"https:\/\/fmtinkunaco.ar\/index.php?rest_route=%2Fwp%2Fv2%2Fcategories&post=635"},{"taxonomy":"post_tag","embeddable":true,"href":"https:\/\/fmtinkunaco.ar\/index.php?rest_route=%2Fwp%2Fv2%2Ftags&post=635"}],"curies":[{"name":"wp","href":"https:\/\/api.w.org\/{rel}","templated":true}]}}