{"id":6354,"date":"2024-04-04T10:22:06","date_gmt":"2024-04-04T13:22:06","guid":{"rendered":"https:\/\/fmtinkunaco.ar\/?p=6354"},"modified":"2024-04-04T13:59:38","modified_gmt":"2024-04-04T16:59:38","slug":"red-tea-escobar-realiza-una-vigilia-por-falta-de-reglamentacion-de-la-ley-27-043","status":"publish","type":"post","link":"https:\/\/fmtinkunaco.ar\/?p=6354","title":{"rendered":"Red TEA Escobar Realiz\u00f3 una Vigilia por la falta de reglamentaci\u00f3n de la ley 27.043"},"content":{"rendered":"\n<p>Las familias que integran la Red TEA Escobar organizaron el pasado lunes 1 de abril una Vigilia por la Ley 27.043 de Salud P\u00fablica y abordaje integral e interdisciplinario de las personas que presentan Trastornos del Espectro Autista (TEA).<\/p>\n\n\n\n<p>La Red Tea Escobar est\u00e1 conformada por padres, madres y familiares autoconvocados sin fines de lucro, lo cuales buscan concientizar, visibilizar y acompa\u00f1ar a personas con Trastorno del Espectro Autista.<\/p>\n\n\n\n<p>La Vigilia se llev\u00f3 a cabo por el D\u00eda Mundial de Concientizaci\u00f3n sobre el Autismo, con las idea de visibilizar la falta de reglamentaci\u00f3n y cumplimiento de esta ley a nivel nacional, la cual apunta al acompa\u00f1amiento y defensa de los derechos de las personas con TEA.<\/p>\n\n\n\n<p>Gloria Gonzales, referente de la Red TEA, contaba en una entrevista del noticiero la falta de cumplimiento en puntos tales como la \u201c<em>Atenci\u00f3n temprana, la inclusi\u00f3n escolar, entre otros<\/em>\u201d. En adici\u00f3n a esto, Gonzales mencionaba que m\u00e1s all\u00e1 de la aprobaci\u00f3n de leyes, \u201c<em>nos falta los pasos concretos, todo lo que necesitan no solo las personas con autismo, hablamos tambi\u00e9n de personas neurodivergentes<\/em>\u201d.<\/p>\n\n\n\n<p>Gonzales, tambi\u00e9n hablaba de la respuesta de la comunidad y sus acercamientos en la vigilia, y c\u00f3mo no est\u00e1 tan estigmatizado como antes, se\u00f1alando que \u201cahora, hay un caso de autismo cada 36 personas, por suerte cada vez m\u00e1s personas conocen pero hay que seguir hablando por las dificultades para las familias\u201d.<\/p>\n\n\n\n<p>Al finalizar la nota, hacen la invitaci\u00f3n a dos actividades inclusivas. Por una parte se va a estar realizando el 6 de Abril un acto en Temaiken por el D\u00eda Azul, conmemorando el&nbsp;D\u00eda Mundial de la Concienciaci\u00f3n sobre el Autismo&nbsp;con un stand de difusi\u00f3n y con espacios accesibles y prioritarios para personas con autismo.<\/p>\n\n\n\n<p>Y, por otra parte, el 5 de Abril se va a estar realizando un Proyecto Visual en el Hospital Central Erill de Escobar. El cual tratar\u00e1 sobre Historias sociales y pictogramas, para personas con autismo y con problemas de comprensi\u00f3n lectora o patolog\u00edas que necesiten un refuerzo visual.<\/p>\n\n\n\n<p>Si les interesa saber m\u00e1s podes encontrar en Facebook como <a href=\"https:\/\/www.facebook.com\/tgdpadresescobar\" data-type=\"link\" data-id=\"https:\/\/www.facebook.com\/tgdpadresescobar\">RED TEA Escobar<\/a> y en Instagram como <a href=\"https:\/\/www.instagram.com\/tgdpadresteaescobarnuevo\/\" data-type=\"link\" data-id=\"https:\/\/www.instagram.com\/tgdpadresteaescobarnuevo\/\">tgdpadresteaescobarnuevo<\/a>.<\/p>\n\n\n\n<p>Entrevista completa<\/p>\n\n\n<p><iframe loading=\"lazy\" src=\"https:\/\/archive.org\/embed\/entrevista-gloria-tgd-escobar-vigilia-03-04-24\" width=\"500\" height=\"60\" frameborder=\"0\" webkitallowfullscreen=\"true\" mozallowfullscreen=\"true\" allowfullscreen><\/iframe><\/p>\n\n\n<p><a href=\"https:\/\/archive.org\/details\/entrevista-karen-pastrana-13-3-24mp-3\" data-type=\"link\" data-id=\"https:\/\/archive.org\/details\/entrevista-karen-pastrana-13-3-24mp-3\">Descargar<\/a><\/p>\n","protected":false},"excerpt":{"rendered":"<p>Las familias que integran la Red TEA Escobar organizaron el pasado lunes 1 de abril una Vigilia por la Ley 27.043 de Salud P\u00fablica y abordaje integral e interdisciplinario de las personas que presentan Trastornos del Espectro Autista (TEA). La Red Tea Escobar est\u00e1 conformada por padres, madres y familiares autoconvocados sin fines de lucro, [&hellip;]<\/p>\n","protected":false},"author":1,"featured_media":6355,"comment_status":"open","ping_status":"open","sticky":false,"template":"","format":"standard","meta":{"footnotes":""},"categories":[1],"tags":[],"class_list":["post-6354","post","type-post","status-publish","format-standard","has-post-thumbnail","hentry","category-blog"],"_links":{"self":[{"href":"https:\/\/fmtinkunaco.ar\/index.php?rest_route=\/wp\/v2\/posts\/6354","targetHints":{"allow":["GET"]}}],"collection":[{"href":"https:\/\/fmtinkunaco.ar\/index.php?rest_route=\/wp\/v2\/posts"}],"about":[{"href":"https:\/\/fmtinkunaco.ar\/index.php?rest_route=\/wp\/v2\/types\/post"}],"author":[{"embeddable":true,"href":"https:\/\/fmtinkunaco.ar\/index.php?rest_route=\/wp\/v2\/users\/1"}],"replies":[{"embeddable":true,"href":"https:\/\/fmtinkunaco.ar\/index.php?rest_route=%2Fwp%2Fv2%2Fcomments&post=6354"}],"version-history":[{"count":4,"href":"https:\/\/fmtinkunaco.ar\/index.php?rest_route=\/wp\/v2\/posts\/6354\/revisions"}],"predecessor-version":[{"id":6360,"href":"https:\/\/fmtinkunaco.ar\/index.php?rest_route=\/wp\/v2\/posts\/6354\/revisions\/6360"}],"wp:featuredmedia":[{"embeddable":true,"href":"https:\/\/fmtinkunaco.ar\/index.php?rest_route=\/wp\/v2\/media\/6355"}],"wp:attachment":[{"href":"https:\/\/fmtinkunaco.ar\/index.php?rest_route=%2Fwp%2Fv2%2Fmedia&parent=6354"}],"wp:term":[{"taxonomy":"category","embeddable":true,"href":"https:\/\/fmtinkunaco.ar\/index.php?rest_route=%2Fwp%2Fv2%2Fcategories&post=6354"},{"taxonomy":"post_tag","embeddable":true,"href":"https:\/\/fmtinkunaco.ar\/index.php?rest_route=%2Fwp%2Fv2%2Ftags&post=6354"}],"curies":[{"name":"wp","href":"https:\/\/api.w.org\/{rel}","templated":true}]}}