{"id":6377,"date":"2024-04-12T13:03:04","date_gmt":"2024-04-12T16:03:04","guid":{"rendered":"https:\/\/fmtinkunaco.ar\/?p=6377"},"modified":"2024-04-12T13:03:05","modified_gmt":"2024-04-12T16:03:05","slug":"la-biblioteca-palabras-del-alma-lanzo-sus-talleres-2024","status":"publish","type":"post","link":"https:\/\/fmtinkunaco.ar\/?p=6377","title":{"rendered":"La Biblioteca Palabras del Alma lanz\u00f3 sus talleres 2024"},"content":{"rendered":"\n<p>La Biblioteca Palabras del Alma, ubicada en Barrio Peruzzotti de Pilar, lanz\u00f3 su cronograma de talleres para este 2024.<br><br>Las propuestas son talleres de inform\u00e1tica, tejido y manualidades, cocina, f\u00fatbol, huerta, crianza, teatro comunitario, ingl\u00e9s, adem\u00e1s de contar con apoyo escolar y un espacio con la trabajadora social de la biblioteca.<br><br>Hern\u00e1n Nem\u00ed, es referente de la Biblioteca Palabras del Alma, y remarc\u00f3 la gratuidad de los talleres <em>\u201cTodos los talleres que se dan en la biblioteca son gratuitos y hay que acercarse no m\u00e1s, nos pueden escribir obviamente por las redes sociales, en Instagram o en Facebook, nos buscan y nos escriben pero si no se acercan; la biblioteca esta en Corbeta Cefiro 2071 del barrio Peruzzotti. Nosotros esta semana estuvimos publicando los horarios de talleres, los vamos a seguir publicando porque siempre le mes fuerte es abril, as\u00ed que la mayor\u00eda de los talleres est\u00e1n empezando\u201d<\/em>.<br><br>Nem\u00ed, adem\u00e1s, remarc\u00f3 la importancia de seguir encontr\u00e1ndose y manteniendo estos espacios <em>\u201cLo peor que podemos hacer en estos momentos es quedarnos encerrados en casa, hay que salir, hay que encontrarnos con otros, porque es necesario respetar y tambi\u00e9n estar fuertes para las luchas que hay que dar\u201d.<\/em><br><br>S\u00ed te queres acercar a la biblioteca est\u00e1 ubicada en Corbeta Cefiro 2071, Barrio Peruzzotti (Pilar) y adem\u00e1s, tienen una sede en Chaco y Pasaje del Alma, Barrio Nuestra Se\u00f1ora del Pilar. <br><br>Compartimos entrevista completa <br><a href=\"https:\/\/archive.org\/details\/audio-hernan-nemi-11-04\">Descargar<\/a><\/p>\n\n\n<p><iframe loading=\"lazy\" src=\"https:\/\/archive.org\/embed\/audio-hernan-nemi-11-04\" width=\"500\" height=\"60\" frameborder=\"0\" webkitallowfullscreen=\"true\" mozallowfullscreen=\"true\" allowfullscreen><\/iframe><\/p>","protected":false},"excerpt":{"rendered":"<p>La Biblioteca Palabras del Alma, ubicada en Barrio Peruzzotti de Pilar, lanz\u00f3 su cronograma de talleres para este 2024. Las propuestas son talleres de inform\u00e1tica, tejido y manualidades, cocina, f\u00fatbol, huerta, crianza, teatro comunitario, ingl\u00e9s, adem\u00e1s de contar con apoyo escolar y un espacio con la trabajadora social de la biblioteca. Hern\u00e1n Nem\u00ed, es referente [&hellip;]<\/p>\n","protected":false},"author":1,"featured_media":6378,"comment_status":"open","ping_status":"open","sticky":false,"template":"","format":"standard","meta":{"footnotes":""},"categories":[3],"tags":[],"class_list":["post-6377","post","type-post","status-publish","format-standard","has-post-thumbnail","hentry","category-cultura"],"_links":{"self":[{"href":"https:\/\/fmtinkunaco.ar\/index.php?rest_route=\/wp\/v2\/posts\/6377","targetHints":{"allow":["GET"]}}],"collection":[{"href":"https:\/\/fmtinkunaco.ar\/index.php?rest_route=\/wp\/v2\/posts"}],"about":[{"href":"https:\/\/fmtinkunaco.ar\/index.php?rest_route=\/wp\/v2\/types\/post"}],"author":[{"embeddable":true,"href":"https:\/\/fmtinkunaco.ar\/index.php?rest_route=\/wp\/v2\/users\/1"}],"replies":[{"embeddable":true,"href":"https:\/\/fmtinkunaco.ar\/index.php?rest_route=%2Fwp%2Fv2%2Fcomments&post=6377"}],"version-history":[{"count":1,"href":"https:\/\/fmtinkunaco.ar\/index.php?rest_route=\/wp\/v2\/posts\/6377\/revisions"}],"predecessor-version":[{"id":6379,"href":"https:\/\/fmtinkunaco.ar\/index.php?rest_route=\/wp\/v2\/posts\/6377\/revisions\/6379"}],"wp:featuredmedia":[{"embeddable":true,"href":"https:\/\/fmtinkunaco.ar\/index.php?rest_route=\/wp\/v2\/media\/6378"}],"wp:attachment":[{"href":"https:\/\/fmtinkunaco.ar\/index.php?rest_route=%2Fwp%2Fv2%2Fmedia&parent=6377"}],"wp:term":[{"taxonomy":"category","embeddable":true,"href":"https:\/\/fmtinkunaco.ar\/index.php?rest_route=%2Fwp%2Fv2%2Fcategories&post=6377"},{"taxonomy":"post_tag","embeddable":true,"href":"https:\/\/fmtinkunaco.ar\/index.php?rest_route=%2Fwp%2Fv2%2Ftags&post=6377"}],"curies":[{"name":"wp","href":"https:\/\/api.w.org\/{rel}","templated":true}]}}