{"id":6381,"date":"2024-04-16T11:26:13","date_gmt":"2024-04-16T14:26:13","guid":{"rendered":"https:\/\/fmtinkunaco.ar\/?p=6381"},"modified":"2024-04-16T11:26:13","modified_gmt":"2024-04-16T14:26:13","slug":"reunion-organizadora-para-el-26-encuentro-regional-de-de-mujeres-lesbianas-bisexuales-travestis-trans-intersex-y-no-binaries","status":"publish","type":"post","link":"https:\/\/fmtinkunaco.ar\/?p=6381","title":{"rendered":"Reuni\u00f3n Organizadora para el 26\u00b0 Encuentro Regional de de mujeres, lesbianas, bisexuales, travestis, trans, intersex y no binaries"},"content":{"rendered":"\n<p>En el contexto de planificar el 26\u00b0 Encuentro Regional de mujeres, lesbianas, bisexuales, travestis, trans, intersex y no binaries la comisi\u00f3n organizadora convoca a la comunidad a sumarse y poder construir colectivamente.<\/p>\n\n\n\n<p>La comisi\u00f3n organizadora es quien planifica, se re\u00fane cada 15 d\u00edas y toma decisiones estructurales y en consenso previamente al Encuentro.<\/p>\n\n\n\n<p>Hablando con Lujan Sango, miembro de la comisi\u00f3n de Cuidados colectivos y de Festival, mencionaba uno de los puntos de la propuesta<em> \u201cEste a\u00f1o convocamos un poquito m\u00e1s abiertamente para que se sume gente de los territorios. Para ver qu\u00e9 surge, donde se quiere realizar el Encuentro, porque al ser la misma comisi\u00f3n del a\u00f1o pasado nos faltaba un poco de mentes nuevas, de compa\u00f1eras nuevas\u201d.<\/em><\/p>\n\n\n\n<p>Algunos de los lugares que se est\u00e1n debatiendo para este 26\u00b0 Encuentro son Malvinas Argentinas, Pilar, Hurlingham, Ituizang\u00f3.<\/p>\n\n\n\n<p>Sangoy tambi\u00e9n comentaba la diversa participaci\u00f3n organizativa de los encuentros \u201c<em>Forman parte de la comisi\u00f3n organizaciones sociales, pol\u00edticas, sindicales y muchos compa\u00f1eres activistas independientes tambi\u00e9n, no hace falta ser parte de&#8230; Para ser parte de la comisi\u00f3n. Es una experiencia que esta abierta para todes, que es muy rica y formativa, por eso tambi\u00e9n estamos invitando a que se sumen\u201d.<\/em><\/p>\n\n\n\n<p>La reuni\u00f3n organizadora va a tener lugar este pr\u00f3ximo s\u00e1bado 20 de Abril a las 14:00 hs.<\/p>\n\n\n\n<p>Entrevista completa realizada en el Noticiero Encuentro con las Noticias<\/p>\n\n\n<p><iframe loading=\"lazy\" src=\"https:\/\/archive.org\/embed\/entrevista-lujan-sangoy-encuentro-regional-16-04-14\" width=\"500\" height=\"60\" frameborder=\"0\" webkitallowfullscreen=\"true\" mozallowfullscreen=\"true\" allowfullscreen><\/iframe><\/p>\n\n\n<p><a href=\"https:\/\/archive.org\/details\/entrevista-lujan-sangoy-encuentro-regional-16-04-14\" data-type=\"link\" data-id=\"https:\/\/archive.org\/details\/entrevista-lujan-sangoy-encuentro-regional-16-04-14\">Descargar<\/a><\/p>\n","protected":false},"excerpt":{"rendered":"<p>En el contexto de planificar el 26\u00b0 Encuentro Regional de mujeres, lesbianas, bisexuales, travestis, trans, intersex y no binaries la comisi\u00f3n organizadora convoca a la comunidad a sumarse y poder construir colectivamente. La comisi\u00f3n organizadora es quien planifica, se re\u00fane cada 15 d\u00edas y toma decisiones estructurales y en consenso previamente al Encuentro. Hablando con [&hellip;]<\/p>\n","protected":false},"author":1,"featured_media":6382,"comment_status":"open","ping_status":"open","sticky":false,"template":"","format":"standard","meta":{"footnotes":""},"categories":[3,6],"tags":[],"class_list":["post-6381","post","type-post","status-publish","format-standard","has-post-thumbnail","hentry","category-cultura","category-genero"],"_links":{"self":[{"href":"https:\/\/fmtinkunaco.ar\/index.php?rest_route=\/wp\/v2\/posts\/6381","targetHints":{"allow":["GET"]}}],"collection":[{"href":"https:\/\/fmtinkunaco.ar\/index.php?rest_route=\/wp\/v2\/posts"}],"about":[{"href":"https:\/\/fmtinkunaco.ar\/index.php?rest_route=\/wp\/v2\/types\/post"}],"author":[{"embeddable":true,"href":"https:\/\/fmtinkunaco.ar\/index.php?rest_route=\/wp\/v2\/users\/1"}],"replies":[{"embeddable":true,"href":"https:\/\/fmtinkunaco.ar\/index.php?rest_route=%2Fwp%2Fv2%2Fcomments&post=6381"}],"version-history":[{"count":1,"href":"https:\/\/fmtinkunaco.ar\/index.php?rest_route=\/wp\/v2\/posts\/6381\/revisions"}],"predecessor-version":[{"id":6383,"href":"https:\/\/fmtinkunaco.ar\/index.php?rest_route=\/wp\/v2\/posts\/6381\/revisions\/6383"}],"wp:featuredmedia":[{"embeddable":true,"href":"https:\/\/fmtinkunaco.ar\/index.php?rest_route=\/wp\/v2\/media\/6382"}],"wp:attachment":[{"href":"https:\/\/fmtinkunaco.ar\/index.php?rest_route=%2Fwp%2Fv2%2Fmedia&parent=6381"}],"wp:term":[{"taxonomy":"category","embeddable":true,"href":"https:\/\/fmtinkunaco.ar\/index.php?rest_route=%2Fwp%2Fv2%2Fcategories&post=6381"},{"taxonomy":"post_tag","embeddable":true,"href":"https:\/\/fmtinkunaco.ar\/index.php?rest_route=%2Fwp%2Fv2%2Ftags&post=6381"}],"curies":[{"name":"wp","href":"https:\/\/api.w.org\/{rel}","templated":true}]}}