{"id":6385,"date":"2024-04-17T11:40:34","date_gmt":"2024-04-17T14:40:34","guid":{"rendered":"https:\/\/fmtinkunaco.ar\/?p=6385"},"modified":"2024-04-17T11:40:34","modified_gmt":"2024-04-17T14:40:34","slug":"el-gobierno-no-renovo-el-programa-prohuerta","status":"publish","type":"post","link":"https:\/\/fmtinkunaco.ar\/?p=6385","title":{"rendered":"El Gobierno no renov\u00f3 el Programa ProHuerta"},"content":{"rendered":"\n<p>El ministerio de capital humano no designo ning\u00fan referente del \u00e1rea que pueda firmar y respaldar la continuidad del programa.<\/p>\n\n\n\n<p>El Programa ProHuerta, el cual cuenta con m\u00e1s de 34 a\u00f1os promoviendo la producci\u00f3n agroecol\u00f3gica de alimentos para &nbsp;granjas familiares, escolares y comunitarias en situaci\u00f3n de vulnerabilidad social, peligra ante la falta de renovaci\u00f3n desde enero.<\/p>\n\n\n\n<p>Andrea Iambrich, promotora voluntaria de Pro-Huerta, explicaba \u201c<em>Al no haber convenio no hay programa, no est\u00e1 vigente. El programa se renueva a trav\u00e9s de un convenio todos los a\u00f1os en Enero. En 34 a\u00f1os de licencia permanente y de 20 a\u00f1os de lucha, de perdidas, estamos sin programa\u201d.<\/em><\/p>\n\n\n\n<p>ProHuerta es una pol\u00edtica p\u00fablica gestionada por el INTA (Instituto Nacional de Tecnolog\u00eda Agropecuaria) y realiza actividades como la distribuci\u00f3n de insumos, capacitaciones, apoyo t\u00e9cnico a huertas y granjas, y financiaci\u00f3n de insumos para la autoproducci\u00f3n de alimentos.<\/p>\n\n\n\n<div class=\"wp-block-columns is-layout-flex wp-container-core-columns-is-layout-28f84493 wp-block-columns-is-layout-flex\">\n<div class=\"wp-block-column is-layout-flow wp-block-column-is-layout-flow\" style=\"flex-basis:100%\"><div class=\"wp-block-image\">\n<figure class=\"aligncenter size-full\"><img loading=\"lazy\" decoding=\"async\" width=\"916\" height=\"531\" src=\"https:\/\/fmtinkunaco.ar\/wp-content\/uploads\/2024\/04\/419541199_7827911927238403_4935508215388033820_n.jpg\" alt=\"\" class=\"wp-image-6386\" srcset=\"https:\/\/fmtinkunaco.ar\/wp-content\/uploads\/2024\/04\/419541199_7827911927238403_4935508215388033820_n.jpg 916w, https:\/\/fmtinkunaco.ar\/wp-content\/uploads\/2024\/04\/419541199_7827911927238403_4935508215388033820_n-300x174.jpg 300w, https:\/\/fmtinkunaco.ar\/wp-content\/uploads\/2024\/04\/419541199_7827911927238403_4935508215388033820_n-768x445.jpg 768w\" sizes=\"auto, (max-width: 916px) 100vw, 916px\" \/><\/figure>\n<\/div><\/div>\n<\/div>\n\n\n\n<p>Su principal objetivo es fomentar la autonom\u00eda en el cultivo, Iambrich comentaba \u201c<em>El objetivo de esta lucha que se dio en los 70\u2019, los 80\u2019 y por fin en los 90\u2019 se cristaliz\u00f3 en una realidad que es el Programa ProHuerta. El objetivo era que las semillas llegaran a los m\u00e1s necesitados y aportaran a su bols\u00f3n de comida, que recib\u00edan gobierno, valor nutricional a trav\u00e9s de hortalizas y verduras a los que no ten\u00edan acceso econ\u00f3mico para compararlas. La lucha del ProHuerta fue esa\u201d.<\/em><\/p>\n\n\n\n<p>Adem\u00e1s, Iambrich tambi\u00e9n menciono la situaci\u00f3n actual del programa<em> En enero el gobierno se niega a renovar este convenio por primera vez, entonces a partir del 18 de enero estamos sin programa, no est\u00e1 vigente. Lo que vemos ahora de semillas y capacitaciones corresponde al gobierno anterior\u201d.<\/em><\/p>\n\n\n\n<p>Entrevista realizada en el Noticiero Encuentro con las noticias<\/p>\n\n\n<p><iframe loading=\"lazy\" src=\"https:\/\/archive.org\/embed\/entrevista-andrea-prohuerta-17-04\" width=\"500\" height=\"60\" frameborder=\"0\" webkitallowfullscreen=\"true\" mozallowfullscreen=\"true\" allowfullscreen><\/iframe><\/p>\n\n\n<p><a href=\"https:\/\/archive.org\/details\/entrevista-andrea-prohuerta-17-04\" data-type=\"link\" data-id=\"https:\/\/archive.org\/details\/entrevista-andrea-prohuerta-17-04\">Descargar<\/a><\/p>\n","protected":false},"excerpt":{"rendered":"<p>El ministerio de capital humano no designo ning\u00fan referente del \u00e1rea que pueda firmar y respaldar la continuidad del programa. El Programa ProHuerta, el cual cuenta con m\u00e1s de 34 a\u00f1os promoviendo la producci\u00f3n agroecol\u00f3gica de alimentos para &nbsp;granjas familiares, escolares y comunitarias en situaci\u00f3n de vulnerabilidad social, peligra ante la falta de renovaci\u00f3n desde [&hellip;]<\/p>\n","protected":false},"author":1,"featured_media":6387,"comment_status":"open","ping_status":"open","sticky":false,"template":"","format":"standard","meta":{"footnotes":""},"categories":[2,3],"tags":[],"class_list":["post-6385","post","type-post","status-publish","format-standard","has-post-thumbnail","hentry","category-ambiente","category-cultura"],"_links":{"self":[{"href":"https:\/\/fmtinkunaco.ar\/index.php?rest_route=\/wp\/v2\/posts\/6385","targetHints":{"allow":["GET"]}}],"collection":[{"href":"https:\/\/fmtinkunaco.ar\/index.php?rest_route=\/wp\/v2\/posts"}],"about":[{"href":"https:\/\/fmtinkunaco.ar\/index.php?rest_route=\/wp\/v2\/types\/post"}],"author":[{"embeddable":true,"href":"https:\/\/fmtinkunaco.ar\/index.php?rest_route=\/wp\/v2\/users\/1"}],"replies":[{"embeddable":true,"href":"https:\/\/fmtinkunaco.ar\/index.php?rest_route=%2Fwp%2Fv2%2Fcomments&post=6385"}],"version-history":[{"count":1,"href":"https:\/\/fmtinkunaco.ar\/index.php?rest_route=\/wp\/v2\/posts\/6385\/revisions"}],"predecessor-version":[{"id":6388,"href":"https:\/\/fmtinkunaco.ar\/index.php?rest_route=\/wp\/v2\/posts\/6385\/revisions\/6388"}],"wp:featuredmedia":[{"embeddable":true,"href":"https:\/\/fmtinkunaco.ar\/index.php?rest_route=\/wp\/v2\/media\/6387"}],"wp:attachment":[{"href":"https:\/\/fmtinkunaco.ar\/index.php?rest_route=%2Fwp%2Fv2%2Fmedia&parent=6385"}],"wp:term":[{"taxonomy":"category","embeddable":true,"href":"https:\/\/fmtinkunaco.ar\/index.php?rest_route=%2Fwp%2Fv2%2Fcategories&post=6385"},{"taxonomy":"post_tag","embeddable":true,"href":"https:\/\/fmtinkunaco.ar\/index.php?rest_route=%2Fwp%2Fv2%2Ftags&post=6385"}],"curies":[{"name":"wp","href":"https:\/\/api.w.org\/{rel}","templated":true}]}}