{"id":6390,"date":"2024-04-18T11:34:54","date_gmt":"2024-04-18T14:34:54","guid":{"rendered":"https:\/\/fmtinkunaco.ar\/?p=6390"},"modified":"2024-04-18T11:34:55","modified_gmt":"2024-04-18T14:34:55","slug":"la-unpaz-en-defensa-de-la-educacion-publica","status":"publish","type":"post","link":"https:\/\/fmtinkunaco.ar\/?p=6390","title":{"rendered":"La UNPAZ en defensa de la Educaci\u00f3n P\u00fablica"},"content":{"rendered":"\n<p><strong><u>La UNPAZ en defensa de la Educaci\u00f3n P\u00fablica<\/u><\/strong><\/p>\n\n\n\n<p>En el marco del desfinanciamiento y el recorte de presupuesto que llevo a cabo el gobierno nacional, se est\u00e1n llevando a cabo una serie de actividades. Una de ella sucede en la Universidad Nacional de Jos\u00e9 C. Paz, en la cual &nbsp;se realizar\u00e1 una Clase Abierta dictada entre 5 materias conjuntamente por estudiantes, docentes y no docentes.<\/p>\n\n\n\n<p>Ricardo Esquivel, estudiante de la Licenciatura de medios audiovisuales de la UNPAZ, comentaba que en la clase abierta <em>\u201cSe va a plantear como nos afecta el desfinanciamiento de la universidad y el recorte de presupuesto, que la universidad est\u00e1 en peligro\u201d<\/em><\/p>\n\n\n\n<p>La jornada tiene lugar hoy jueves 18 de abril a las 17:30hs, en la calle Alem y Ruta 197.<\/p>\n\n\n\n<p>Audio enviado al Noticiero Encuentro con las Noticias<\/p>\n\n\n\n<p>Descargar<\/p>\n\n\n\n<p>En el marco del desfinanciamiento y el recorte de presupuesto que llevo a cabo el gobierno nacional, se est\u00e1n llevando a cabo una serie de actividades. Una de ella sucede en la Universidad Nacional de Jos\u00e9 C. Paz, en la cual &nbsp;se realizar\u00e1 una Clase Abierta dictada entre 5 materias conjuntamente por estudiantes, docentes y no docentes.<\/p>\n\n\n\n<p>Ricardo Esquivel, estudiante de la Licenciatura de medios audiovisuales de la UNPAZ, comentaba que en la clase abierta <em>\u201cSe va a plantear como nos afecta el desfinanciamiento de la universidad y el recorte de presupuesto, que la universidad est\u00e1 en peligro\u201d<\/em><\/p>\n\n\n\n<p>La jornada tiene lugar hoy jueves 18 de abril a las 17:30hs, en la calle Alem y Ruta 197.<\/p>\n\n\n\n<p>Audio enviado al Noticiero Encuentro con las Noticias<\/p>\n\n\n<p><iframe loading=\"lazy\" src=\"https:\/\/archive.org\/embed\/audio-clase-abierta-unpaz-18-04-24\" width=\"500\" height=\"60\" frameborder=\"0\" webkitallowfullscreen=\"true\" mozallowfullscreen=\"true\" allowfullscreen><\/iframe><\/p>\n\n\n<p><a href=\"https:\/\/archive.org\/details\/audio-clase-abierta-unpaz-18-04-24\" data-type=\"link\" data-id=\"https:\/\/archive.org\/details\/audio-clase-abierta-unpaz-18-04-24\">Descargar<\/a><\/p>\n","protected":false},"excerpt":{"rendered":"<p>La UNPAZ en defensa de la Educaci\u00f3n P\u00fablica En el marco del desfinanciamiento y el recorte de presupuesto que llevo a cabo el gobierno nacional, se est\u00e1n llevando a cabo una serie de actividades. Una de ella sucede en la Universidad Nacional de Jos\u00e9 C. Paz, en la cual &nbsp;se realizar\u00e1 una Clase Abierta dictada [&hellip;]<\/p>\n","protected":false},"author":1,"featured_media":6391,"comment_status":"open","ping_status":"open","sticky":false,"template":"","format":"standard","meta":{"footnotes":""},"categories":[5],"tags":[],"class_list":["post-6390","post","type-post","status-publish","format-standard","has-post-thumbnail","hentry","category-educacion"],"_links":{"self":[{"href":"https:\/\/fmtinkunaco.ar\/index.php?rest_route=\/wp\/v2\/posts\/6390","targetHints":{"allow":["GET"]}}],"collection":[{"href":"https:\/\/fmtinkunaco.ar\/index.php?rest_route=\/wp\/v2\/posts"}],"about":[{"href":"https:\/\/fmtinkunaco.ar\/index.php?rest_route=\/wp\/v2\/types\/post"}],"author":[{"embeddable":true,"href":"https:\/\/fmtinkunaco.ar\/index.php?rest_route=\/wp\/v2\/users\/1"}],"replies":[{"embeddable":true,"href":"https:\/\/fmtinkunaco.ar\/index.php?rest_route=%2Fwp%2Fv2%2Fcomments&post=6390"}],"version-history":[{"count":1,"href":"https:\/\/fmtinkunaco.ar\/index.php?rest_route=\/wp\/v2\/posts\/6390\/revisions"}],"predecessor-version":[{"id":6392,"href":"https:\/\/fmtinkunaco.ar\/index.php?rest_route=\/wp\/v2\/posts\/6390\/revisions\/6392"}],"wp:featuredmedia":[{"embeddable":true,"href":"https:\/\/fmtinkunaco.ar\/index.php?rest_route=\/wp\/v2\/media\/6391"}],"wp:attachment":[{"href":"https:\/\/fmtinkunaco.ar\/index.php?rest_route=%2Fwp%2Fv2%2Fmedia&parent=6390"}],"wp:term":[{"taxonomy":"category","embeddable":true,"href":"https:\/\/fmtinkunaco.ar\/index.php?rest_route=%2Fwp%2Fv2%2Fcategories&post=6390"},{"taxonomy":"post_tag","embeddable":true,"href":"https:\/\/fmtinkunaco.ar\/index.php?rest_route=%2Fwp%2Fv2%2Ftags&post=6390"}],"curies":[{"name":"wp","href":"https:\/\/api.w.org\/{rel}","templated":true}]}}