{"id":6397,"date":"2024-04-22T11:33:22","date_gmt":"2024-04-22T14:33:22","guid":{"rendered":"https:\/\/fmtinkunaco.ar\/?p=6397"},"modified":"2024-04-22T11:33:22","modified_gmt":"2024-04-22T14:33:22","slug":"1000-asambleas-1000-cartas-la-mesa-de-articulacion-de-ninez-lanza-una-campana-nacional","status":"publish","type":"post","link":"https:\/\/fmtinkunaco.ar\/?p=6397","title":{"rendered":"\u201c1,000 asambleas, 1,000 cartas\u201d: la Mesa de Articulaci\u00f3n de Ni\u00f1ez lanza una Campa\u00f1a Nacional"},"content":{"rendered":"\n<p>Desde la Mesa de Articulaci\u00f3n de Ni\u00f1ez, integrada por organizaciones ocupadas y preocupadas por los derechos humanos de la ni\u00f1ez convocan a participar de <strong>\u201cLos chicos y chicas queremos vivir! 1000 asambleas y 1000 cartas al Presidente<\/strong>.<\/p>\n\n\n\n<p>El objetivo es invitar a Organizaciones, escuelas, centros comunitarios, orquestas, clubes, bibliotecas populares, merenderos, comedores, jardines comunitarios, a ni\u00f1as, ni\u00f1os y j\u00f3venes organizados.<\/p>\n\n\n\n<p>Ana Almada, referente de SERPAJ y de la campa\u00f1a, menciona \u201c<em>Le decimos a las diferentes organizaciones que quieran participar que en sus espacios puedan trabajar la situaci\u00f3n de los <strong>derechos <\/strong>de cada territorio. De diferente forma, teniendo en cuenta las edades y de ser posible que eso se plasme en diferentes <strong>cartas<\/strong> que nos comprometemos a llevar a las autoridades\u201d.<\/em><\/p>\n\n\n\n<p>En la entrevista con el Noticiero, Almada explicaba que la idea es poner de protagonistas a ni\u00f1eces y adolescencias, ponerlos en foco y \u201c<em>Para saber a trav\u00e9s de ellos, como est\u00e1n viviendo la situaci\u00f3n, qu\u00e9 conocimientos tienen acerca de estas pol\u00edticas tanto econ\u00f3micas como educativas y de salud.\u201d<\/em><\/p>\n\n\n\n<p>La convocatoria arranca desde el 22 al 30 de Abril y se pueden anotar en el siguiente formulario:&nbsp;&nbsp; <a href=\"https:\/\/forms.gle\/VghTBRK8sXXByDxw7\">https:\/\/forms.gle\/VghTBRK8sXXByDxw7<\/a><\/p>\n\n\n\n<p>Entrevista completa realizada en el Noticiero Encuentro con las noticias<\/p>\n\n\n<p><iframe loading=\"lazy\" src=\"https:\/\/archive.org\/embed\/entrevista-ana-almada-22-04\" width=\"500\" height=\"60\" frameborder=\"0\" webkitallowfullscreen=\"true\" mozallowfullscreen=\"true\" allowfullscreen><\/iframe><\/p>\n\n\n<p><a href=\"https:\/\/archive.org\/details\/entrevista-ana-almada-22-04\" data-type=\"link\" data-id=\"https:\/\/archive.org\/details\/entrevista-ana-almada-22-04\">Descargar<\/a><\/p>\n","protected":false},"excerpt":{"rendered":"<p>Desde la Mesa de Articulaci\u00f3n de Ni\u00f1ez, integrada por organizaciones ocupadas y preocupadas por los derechos humanos de la ni\u00f1ez convocan a participar de \u201cLos chicos y chicas queremos vivir! 1000 asambleas y 1000 cartas al Presidente. El objetivo es invitar a Organizaciones, escuelas, centros comunitarios, orquestas, clubes, bibliotecas populares, merenderos, comedores, jardines comunitarios, a [&hellip;]<\/p>\n","protected":false},"author":1,"featured_media":6398,"comment_status":"open","ping_status":"open","sticky":false,"template":"","format":"standard","meta":{"footnotes":""},"categories":[3,5],"tags":[],"class_list":["post-6397","post","type-post","status-publish","format-standard","has-post-thumbnail","hentry","category-cultura","category-educacion"],"_links":{"self":[{"href":"https:\/\/fmtinkunaco.ar\/index.php?rest_route=\/wp\/v2\/posts\/6397","targetHints":{"allow":["GET"]}}],"collection":[{"href":"https:\/\/fmtinkunaco.ar\/index.php?rest_route=\/wp\/v2\/posts"}],"about":[{"href":"https:\/\/fmtinkunaco.ar\/index.php?rest_route=\/wp\/v2\/types\/post"}],"author":[{"embeddable":true,"href":"https:\/\/fmtinkunaco.ar\/index.php?rest_route=\/wp\/v2\/users\/1"}],"replies":[{"embeddable":true,"href":"https:\/\/fmtinkunaco.ar\/index.php?rest_route=%2Fwp%2Fv2%2Fcomments&post=6397"}],"version-history":[{"count":1,"href":"https:\/\/fmtinkunaco.ar\/index.php?rest_route=\/wp\/v2\/posts\/6397\/revisions"}],"predecessor-version":[{"id":6399,"href":"https:\/\/fmtinkunaco.ar\/index.php?rest_route=\/wp\/v2\/posts\/6397\/revisions\/6399"}],"wp:featuredmedia":[{"embeddable":true,"href":"https:\/\/fmtinkunaco.ar\/index.php?rest_route=\/wp\/v2\/media\/6398"}],"wp:attachment":[{"href":"https:\/\/fmtinkunaco.ar\/index.php?rest_route=%2Fwp%2Fv2%2Fmedia&parent=6397"}],"wp:term":[{"taxonomy":"category","embeddable":true,"href":"https:\/\/fmtinkunaco.ar\/index.php?rest_route=%2Fwp%2Fv2%2Fcategories&post=6397"},{"taxonomy":"post_tag","embeddable":true,"href":"https:\/\/fmtinkunaco.ar\/index.php?rest_route=%2Fwp%2Fv2%2Ftags&post=6397"}],"curies":[{"name":"wp","href":"https:\/\/api.w.org\/{rel}","templated":true}]}}