{"id":6402,"date":"2024-04-23T11:31:42","date_gmt":"2024-04-23T14:31:42","guid":{"rendered":"https:\/\/fmtinkunaco.ar\/?p=6402"},"modified":"2024-04-23T11:33:12","modified_gmt":"2024-04-23T14:33:12","slug":"marcha-federal-universitaria-en-la-universidad-somos-de-los-barrios","status":"publish","type":"post","link":"https:\/\/fmtinkunaco.ar\/?p=6402","title":{"rendered":"Marcha Federal Universitaria: \u201cEn la universidad somos de los barrios\u201d"},"content":{"rendered":"\n<p>Este Martes 23 de abril se va s estar llevando a cabo una Marcha Nacional en defensa de las Universidades Publicas. La idea es reclamar y marchar por:<\/p>\n\n\n\n<p>-Por el incremento necesario para gastos de funcionamiento;<\/p>\n\n\n\n<p>&#8211; Por las becas estudiantiles;<\/p>\n\n\n\n<p>&#8211; Por la actualizaci\u00f3n de salarios docentes y nodocentes;<\/p>\n\n\n\n<p>&#8211; Por la reactivaci\u00f3n de las pol\u00edticas de ciencia, investigaci\u00f3n y extensi\u00f3n;<\/p>\n\n\n\n<p>&#8211; Por el financiamiento de obras.<\/p>\n\n\n\n<p>En una entrevista con Laura Segura, Graduada y Trabajadora de la Universidad Nacional General Sarmiento, explicaba la situaci\u00f3n \u201c<em>Este ocurriendo en todo el sistema universitario que el Gobierno Nacional no est\u00e1 enviando y tampoco actualizando el monto correspondiente a lo que se llama gastos de funcionamiento, tal como la palabra lo indica es lo que una instituci\u00f3n educativa publica necesita para funcionar\u201d.<\/em><\/p>\n\n\n\n<p>Ademas, hablando de la UNGS y sus formas de movilizarse, Segura contaba que estaban realizando \u201c<em>Desde Clases abiertas dentro del campus y afuera. Hace unos d\u00edas hicimos una movilizaci\u00f3n por el barrio. Para m\u00ed era muy emocionante porque la gente sal\u00eda de las casas, nos sacaba fotos, nos tocaba bocina en apoyo. Fue lindo porque es un reclamo en defensa de la educaci\u00f3n p\u00fablica y la universidad cambio la realidad del barrio, muchos de los que estudiamos en la universidad somos de los barrios, como que se toca una fibra sensible.<\/em><\/p>\n\n\n\n<p>Por \u00faltimo, Segura tambi\u00e9n abr\u00eda la invitaci\u00f3n a la marcha del d\u00eda de hoy \u201c<em>Son jornadas de visibilizaci\u00f3n, invitando a sumarse, no es necesario haber estudiado en la universidad, haber terminado una carrera o trabajar. (\u2026) Hay una valoraci\u00f3n social sobre la universidad p\u00fablica que esta buen\u00edsima\u201d<\/em><\/p>\n\n\n\n<p>&nbsp;Si bien convocan diferentes organizaciones y universidades, la mayor\u00eda tiene como puntos de encuentro el Congreso Nacional a las 15:00hs (Callao y Per\u00f3n, CABA) y a las 18:00hs en Plaza de Mayo.<\/p>\n\n\n\n<p>Entrevista realizada en el Noticiero Encuentro con las noticias<\/p>\n\n\n<p><iframe loading=\"lazy\" src=\"https:\/\/archive.org\/embed\/entrevista-laura-segura-23-04\" width=\"500\" height=\"60\" frameborder=\"0\" webkitallowfullscreen=\"true\" mozallowfullscreen=\"true\" allowfullscreen><\/iframe><\/p>\n\n\n<p><a href=\"https:\/\/archive.org\/details\/entrevista-laura-segura-23-04\" data-type=\"link\" data-id=\"https:\/\/archive.org\/details\/entrevista-laura-segura-23-04\">Descargar<\/a><\/p>\n","protected":false},"excerpt":{"rendered":"<p>Este Martes 23 de abril se va s estar llevando a cabo una Marcha Nacional en defensa de las Universidades Publicas. La idea es reclamar y marchar por: -Por el incremento necesario para gastos de funcionamiento; &#8211; Por las becas estudiantiles; &#8211; Por la actualizaci\u00f3n de salarios docentes y nodocentes; &#8211; Por la reactivaci\u00f3n de [&hellip;]<\/p>\n","protected":false},"author":1,"featured_media":6403,"comment_status":"open","ping_status":"open","sticky":false,"template":"","format":"standard","meta":{"footnotes":""},"categories":[3,5],"tags":[],"class_list":["post-6402","post","type-post","status-publish","format-standard","has-post-thumbnail","hentry","category-cultura","category-educacion"],"_links":{"self":[{"href":"https:\/\/fmtinkunaco.ar\/index.php?rest_route=\/wp\/v2\/posts\/6402","targetHints":{"allow":["GET"]}}],"collection":[{"href":"https:\/\/fmtinkunaco.ar\/index.php?rest_route=\/wp\/v2\/posts"}],"about":[{"href":"https:\/\/fmtinkunaco.ar\/index.php?rest_route=\/wp\/v2\/types\/post"}],"author":[{"embeddable":true,"href":"https:\/\/fmtinkunaco.ar\/index.php?rest_route=\/wp\/v2\/users\/1"}],"replies":[{"embeddable":true,"href":"https:\/\/fmtinkunaco.ar\/index.php?rest_route=%2Fwp%2Fv2%2Fcomments&post=6402"}],"version-history":[{"count":2,"href":"https:\/\/fmtinkunaco.ar\/index.php?rest_route=\/wp\/v2\/posts\/6402\/revisions"}],"predecessor-version":[{"id":6405,"href":"https:\/\/fmtinkunaco.ar\/index.php?rest_route=\/wp\/v2\/posts\/6402\/revisions\/6405"}],"wp:featuredmedia":[{"embeddable":true,"href":"https:\/\/fmtinkunaco.ar\/index.php?rest_route=\/wp\/v2\/media\/6403"}],"wp:attachment":[{"href":"https:\/\/fmtinkunaco.ar\/index.php?rest_route=%2Fwp%2Fv2%2Fmedia&parent=6402"}],"wp:term":[{"taxonomy":"category","embeddable":true,"href":"https:\/\/fmtinkunaco.ar\/index.php?rest_route=%2Fwp%2Fv2%2Fcategories&post=6402"},{"taxonomy":"post_tag","embeddable":true,"href":"https:\/\/fmtinkunaco.ar\/index.php?rest_route=%2Fwp%2Fv2%2Ftags&post=6402"}],"curies":[{"name":"wp","href":"https:\/\/api.w.org\/{rel}","templated":true}]}}