{"id":6417,"date":"2024-04-26T11:18:56","date_gmt":"2024-04-26T14:18:56","guid":{"rendered":"https:\/\/fmtinkunaco.ar\/?p=6417"},"modified":"2024-04-26T11:18:56","modified_gmt":"2024-04-26T14:18:56","slug":"pilar-sera-la-sede-del-26-encuentro-regional-de-mujeres-lesbianas-bisexuales-travestis-trans-intersex-y-nobinaries","status":"publish","type":"post","link":"https:\/\/fmtinkunaco.ar\/?p=6417","title":{"rendered":"Pilar ser\u00e1 la sede del 26\u00b0 Encuentro Regional de Mujeres, Lesbianas, Bisexuales, Travestis, Trans, Intersex y Nobinaries"},"content":{"rendered":"\n<p>Por primera vez el Encuentro Regional se realizara en el Partido de Pilar, por decisi\u00f3n de la comisi\u00f3n organizadora.<\/p>\n\n\n\n<p>M\u00f3nica Aguirre, Militante de la zona pilarense y Referente de la comisi\u00f3n organizadora, conto sobre la decisi\u00f3n en la Fm Tinkunaco \u201c<em>Cuando nos enteramos que pilar era uno de los puntos elegidos como sede inmediatamente nos comunicamos por las redes, que somos las que luchamos por la violencia de g\u00e9nero sobre todo mujeres y disidencias. Decidimos autoconvocarnos e ir a la Comisi\u00f3n Organizadora del oeste\/noroeste. Poner en ojo porqu\u00e9 queremos que se haga el encuentro regional en Pilar\u201d.<\/em><\/p>\n\n\n\n<p>Pilar se design\u00f3 entre estos otros territorios propuestos: Malvinas Argentinas, Hurlingham, Ituizang\u00f3.<\/p>\n\n\n\n<p>Desde la comisi\u00f3n organizadora sostuvieron que la fecha eta definida pero la dar\u00e1n a conocer cuando este decidido el lugar en espec\u00edfico del encuentro. En esta l\u00ednea, convocan a participar de la siguiente reuni\u00f3n organizadora este s\u00e1bado 4\/5.<\/p>\n\n\n\n<p>Aguirre cerraba la entrevista mencionando que \u201c<em>Para nosotros es fundamental\u00edsimo que hoy Pilar haya sido la sede y empezar a programar porque tenemos mucho trabajo por delante\u201d.<\/em><\/p>\n\n\n\n<p>A pesar de nunca haber sido sede del encuentro, pilar tiene un historial y trayectoria en defensa de los derechos de las mujeres y diversidades.<\/p>\n\n\n\n<p>Entrevista completa en el Noticiero Encuentro con las noticias<\/p>\n\n\n<p><iframe loading=\"lazy\" src=\"https:\/\/archive.org\/embed\/entrevista-monica-aguirre-encuentro-regional-26-04-24\" width=\"500\" height=\"60\" frameborder=\"0\" webkitallowfullscreen=\"true\" mozallowfullscreen=\"true\" allowfullscreen><\/iframe><\/p>\n\n\n<p><a href=\"https:\/\/archive.org\/details\/entrevista-monica-aguirre-encuentro-regional-26-04-24\" data-type=\"link\" data-id=\"https:\/\/archive.org\/details\/entrevista-monica-aguirre-encuentro-regional-26-04-24\">Descargar<\/a><\/p>\n","protected":false},"excerpt":{"rendered":"<p>Por primera vez el Encuentro Regional se realizara en el Partido de Pilar, por decisi\u00f3n de la comisi\u00f3n organizadora. M\u00f3nica Aguirre, Militante de la zona pilarense y Referente de la comisi\u00f3n organizadora, conto sobre la decisi\u00f3n en la Fm Tinkunaco \u201cCuando nos enteramos que pilar era uno de los puntos elegidos como sede inmediatamente nos [&hellip;]<\/p>\n","protected":false},"author":1,"featured_media":6418,"comment_status":"open","ping_status":"open","sticky":false,"template":"","format":"standard","meta":{"footnotes":""},"categories":[6],"tags":[],"class_list":["post-6417","post","type-post","status-publish","format-standard","has-post-thumbnail","hentry","category-genero"],"_links":{"self":[{"href":"https:\/\/fmtinkunaco.ar\/index.php?rest_route=\/wp\/v2\/posts\/6417","targetHints":{"allow":["GET"]}}],"collection":[{"href":"https:\/\/fmtinkunaco.ar\/index.php?rest_route=\/wp\/v2\/posts"}],"about":[{"href":"https:\/\/fmtinkunaco.ar\/index.php?rest_route=\/wp\/v2\/types\/post"}],"author":[{"embeddable":true,"href":"https:\/\/fmtinkunaco.ar\/index.php?rest_route=\/wp\/v2\/users\/1"}],"replies":[{"embeddable":true,"href":"https:\/\/fmtinkunaco.ar\/index.php?rest_route=%2Fwp%2Fv2%2Fcomments&post=6417"}],"version-history":[{"count":1,"href":"https:\/\/fmtinkunaco.ar\/index.php?rest_route=\/wp\/v2\/posts\/6417\/revisions"}],"predecessor-version":[{"id":6419,"href":"https:\/\/fmtinkunaco.ar\/index.php?rest_route=\/wp\/v2\/posts\/6417\/revisions\/6419"}],"wp:featuredmedia":[{"embeddable":true,"href":"https:\/\/fmtinkunaco.ar\/index.php?rest_route=\/wp\/v2\/media\/6418"}],"wp:attachment":[{"href":"https:\/\/fmtinkunaco.ar\/index.php?rest_route=%2Fwp%2Fv2%2Fmedia&parent=6417"}],"wp:term":[{"taxonomy":"category","embeddable":true,"href":"https:\/\/fmtinkunaco.ar\/index.php?rest_route=%2Fwp%2Fv2%2Fcategories&post=6417"},{"taxonomy":"post_tag","embeddable":true,"href":"https:\/\/fmtinkunaco.ar\/index.php?rest_route=%2Fwp%2Fv2%2Ftags&post=6417"}],"curies":[{"name":"wp","href":"https:\/\/api.w.org\/{rel}","templated":true}]}}