{"id":6432,"date":"2024-05-07T10:00:58","date_gmt":"2024-05-07T13:00:58","guid":{"rendered":"https:\/\/fmtinkunaco.ar\/?p=6432"},"modified":"2024-05-07T10:00:58","modified_gmt":"2024-05-07T13:00:58","slug":"caso-sofia-fernandez-declaracion-y-detencion-de-los-10-policias-imputados","status":"publish","type":"post","link":"https:\/\/fmtinkunaco.ar\/?p=6432","title":{"rendered":"Caso Sof\u00eda Fern\u00e1ndez: declaraci\u00f3n y detenci\u00f3n de los 10 polic\u00edas imputados"},"content":{"rendered":"\n<p>A un a\u00f1o del crimen de una mujer trans, desde el Ministerio P\u00fablico Fiscal solicitaron&nbsp;la detenci\u00f3n de los agentes bonaerenses&nbsp;imputados este mi\u00e9rcoles por el&nbsp;travesticidio&nbsp;de&nbsp;Sof\u00eda Fern\u00e1ndez.<\/p>\n\n\n\n<p>De estos 10 polic\u00edas, la mitad fue acusada de homicidio triplemente calificado por odio a la identidad de g\u00e9nero y la otra por encubrir y adulterar las pruebas.<\/p>\n\n\n\n<p>En una nota con el Noticiero, Vanesa Valdez, familiar de Sof\u00eda, contaba hasta la semana pasada todos los polic\u00edas acusados siguieron cumpliendo funciones normalmente \u201c<em>Son los 10 polic\u00edas que estaban imputados desde un principio, pero que en ese entonces solo estaban imputados por incumplimiento de servicio. Despu\u00e9s de 60 d\u00edas volvieron a trabajar como si nada\u201d.<\/em><\/p>\n\n\n\n<p>En 2023, Sof\u00eda fue detenida por un presunto robo, dos d\u00edas despu\u00e9s, fue encontrada sin vida por una supuesta \u201cmuerte s\u00fabita\u201d. Sin embargo, y luego de mucho trabajo, se revel\u00f3 en la autopsia que hab\u00eda muerto por asfixia, al tiempo que se encontraron trozos de un colch\u00f3n y de su ropa interior en las v\u00edas respiratoria.<\/p>\n\n\n\n<p>Valdez, expresaba \u201c<em>La autopsia revelo que Sof\u00eda ten\u00eda golpes, llevaba horas en ese estado, la abandonaron, la dejaron morir, la maltrataron, <strong>la mataron<\/strong>\u201d.<\/em><\/p>\n\n\n\n<p>Familiares y cercanos de la v\u00edctima, as\u00ed como organizaciones, est\u00e1n organizando una movilizaci\u00f3n exigiendo justicia, visibilizaci\u00f3n y esclarecimiento del caso desde un principio bajo el lema \u201cnadie se suicida en una comisar\u00eda\u201d. Es as\u00ed como van a marchar el d\u00eda viernes, en el Juzgado de garant\u00eda en Pilar (Colectora Oeste Ramal Pilar\u00a01475) a las 11hs.<\/p>\n\n\n<div class=\"wp-block-image\">\n<figure class=\"aligncenter size-full\"><img loading=\"lazy\" decoding=\"async\" width=\"500\" height=\"500\" src=\"https:\/\/fmtinkunaco.ar\/wp-content\/uploads\/2024\/05\/441443207_984888990013039_5594221054993268359_n-1.jpeg\" alt=\"\" class=\"wp-image-6435\" srcset=\"https:\/\/fmtinkunaco.ar\/wp-content\/uploads\/2024\/05\/441443207_984888990013039_5594221054993268359_n-1.jpeg 500w, https:\/\/fmtinkunaco.ar\/wp-content\/uploads\/2024\/05\/441443207_984888990013039_5594221054993268359_n-1-300x300.jpeg 300w, https:\/\/fmtinkunaco.ar\/wp-content\/uploads\/2024\/05\/441443207_984888990013039_5594221054993268359_n-1-150x150.jpeg 150w\" sizes=\"auto, (max-width: 500px) 100vw, 500px\" \/><\/figure>\n<\/div>\n\n\n<p> <\/p>\n\n\n\n<p>Entrevista completa del Noticiero<\/p>\n\n\n<p><iframe loading=\"lazy\" src=\"https:\/\/archive.org\/embed\/entrevista-vanesa-valdez-06-05-24-caso-sofia\" width=\"500\" height=\"60\" frameborder=\"0\" webkitallowfullscreen=\"true\" mozallowfullscreen=\"true\" allowfullscreen><\/iframe><\/p>\n\n\n<p><a href=\"https:\/\/archive.org\/details\/entrevista-vanesa-valdez-06-05-24-caso-sofia\" data-type=\"link\" data-id=\"https:\/\/archive.org\/details\/entrevista-vanesa-valdez-06-05-24-caso-sofia\">Descargar<\/a><\/p>\n","protected":false},"excerpt":{"rendered":"<p>A un a\u00f1o del crimen de una mujer trans, desde el Ministerio P\u00fablico Fiscal solicitaron&nbsp;la detenci\u00f3n de los agentes bonaerenses&nbsp;imputados este mi\u00e9rcoles por el&nbsp;travesticidio&nbsp;de&nbsp;Sof\u00eda Fern\u00e1ndez. De estos 10 polic\u00edas, la mitad fue acusada de homicidio triplemente calificado por odio a la identidad de g\u00e9nero y la otra por encubrir y adulterar las pruebas. En una [&hellip;]<\/p>\n","protected":false},"author":1,"featured_media":6434,"comment_status":"open","ping_status":"open","sticky":false,"template":"","format":"standard","meta":{"footnotes":""},"categories":[6],"tags":[],"class_list":["post-6432","post","type-post","status-publish","format-standard","has-post-thumbnail","hentry","category-genero"],"_links":{"self":[{"href":"https:\/\/fmtinkunaco.ar\/index.php?rest_route=\/wp\/v2\/posts\/6432","targetHints":{"allow":["GET"]}}],"collection":[{"href":"https:\/\/fmtinkunaco.ar\/index.php?rest_route=\/wp\/v2\/posts"}],"about":[{"href":"https:\/\/fmtinkunaco.ar\/index.php?rest_route=\/wp\/v2\/types\/post"}],"author":[{"embeddable":true,"href":"https:\/\/fmtinkunaco.ar\/index.php?rest_route=\/wp\/v2\/users\/1"}],"replies":[{"embeddable":true,"href":"https:\/\/fmtinkunaco.ar\/index.php?rest_route=%2Fwp%2Fv2%2Fcomments&post=6432"}],"version-history":[{"count":1,"href":"https:\/\/fmtinkunaco.ar\/index.php?rest_route=\/wp\/v2\/posts\/6432\/revisions"}],"predecessor-version":[{"id":6436,"href":"https:\/\/fmtinkunaco.ar\/index.php?rest_route=\/wp\/v2\/posts\/6432\/revisions\/6436"}],"wp:featuredmedia":[{"embeddable":true,"href":"https:\/\/fmtinkunaco.ar\/index.php?rest_route=\/wp\/v2\/media\/6434"}],"wp:attachment":[{"href":"https:\/\/fmtinkunaco.ar\/index.php?rest_route=%2Fwp%2Fv2%2Fmedia&parent=6432"}],"wp:term":[{"taxonomy":"category","embeddable":true,"href":"https:\/\/fmtinkunaco.ar\/index.php?rest_route=%2Fwp%2Fv2%2Fcategories&post=6432"},{"taxonomy":"post_tag","embeddable":true,"href":"https:\/\/fmtinkunaco.ar\/index.php?rest_route=%2Fwp%2Fv2%2Ftags&post=6432"}],"curies":[{"name":"wp","href":"https:\/\/api.w.org\/{rel}","templated":true}]}}