{"id":6440,"date":"2024-05-10T12:28:22","date_gmt":"2024-05-10T15:28:22","guid":{"rendered":"https:\/\/fmtinkunaco.ar\/?p=6440"},"modified":"2024-05-10T12:28:22","modified_gmt":"2024-05-10T15:28:22","slug":"espacio-hora-libre-un-proyecto-integral-para-las-infancias","status":"publish","type":"post","link":"https:\/\/fmtinkunaco.ar\/?p=6440","title":{"rendered":"Espacio Hora Libre: Un proyecto integral para las infancias"},"content":{"rendered":"\n<p>El Espacio Hora Libre es un Proyecto Integral para las Infancias que consta de Centros Educativos y Recreativos&nbsp;que actualmente trabajan con m\u00e1s de 150 infancias, n\u00famero que tuvo que limitarse por la situaci\u00f3n y el contexto social. En los \u00faltimos a\u00f1os las infancias superaban los 250.<\/p>\n\n\n\n<p>Fedra Olivera, es integrante de la coordinaci\u00f3n del Espacio Hora Libre y describi\u00f3 su trabajo <em>\u201cHora Libre es un espacio educativo y recreativo para las infancias de 5 a 12 a\u00f1os que est\u00e1n en el nivel escolar; nosotros hace 5 a\u00f1os trabajamos en Ituizang\u00f3 con diferentes sedes, hoy tenemos 6 sedes en los distintos barrios y trabajamos desde las trayectorias educativas, acompa\u00f1\u00e1ndolas, para acompa\u00f1ar todo el proceso que tiene que ver con el aprendizaje, la ense\u00f1anza en el nivel primario. Tambi\u00e9n hacemos mucha recreaci\u00f3n, aprender jugando todo el tiempo porque desde ah\u00ed aprendemos y aprenden los chicos\u201d.<\/em><br><br>Actualmente, participan alrededor de 150 infancias, teniendo en cuenta todas las sedes que se encuentran ubicadas en diferentes localidades del conurbano.<br><br>Olivera, adem\u00e1s, explic\u00f3 el funcionamiento del espacio <em>\u201cLas compa\u00f1eras que trabajan en Hora Libre son educadoras comunitarias y populares, todas cobran el potenciar trabajo o ex potenciar trabajo y como desde el gobierno nacional hubo esto de cambiar el potenciar trabajo por volver a trabajar o acompa\u00f1amiento social, esta fue una gran problem\u00e1tica porque la mayor\u00eda de nuestras compa\u00f1eras son mayores de 50 a\u00f1os que cobran el acompa\u00f1amiento y este mes tardo mucho en depositarse ese sueldo y todos los meses desde que asumi\u00f3 el gobierno estamos con la incertidumbre de si vamos a cobrar o no, en qu\u00e9 fecha, o si esta la plata\u201d.<\/em><br><br>Dentro de Hora Libre trabajan alrededor de 10 y 11 educadoras por espacio que se van rotando entre las diferentes \u00e1reas para poder mantener el trabajo con las infancias por lo menos dos veces por semana.<br><br>Hora Libre es un espacio, que adem\u00e1s, recib\u00eda ayuda en mercader\u00eda desde el gobierno para garantizar la merienda de las infancias y en los \u00faltimos meses esta ayuda se cort\u00f3 y cada vez les resulta m\u00e1s dif\u00edcil mantener las m\u00ednimas infusiones de las ni\u00f1as, ni\u00f1os y ni\u00f1es.<\/p>\n\n\n\n<p>Para colaborar con este espacio, se pueden comunicar a trav\u00e9s de las redes sociales, en Instagram los podes buscar como @<a href=\"https:\/\/www.instagram.com\/centro_hora_libre\/\">centro_hora_libre.<\/a><\/p>\n\n\n\n<p><br>Compartimos la entrevista completa<\/p>\n\n\n\n<p><a href=\"https:\/\/archive.org\/details\/audio-fedra-olivera-espacio-hora-libre-10-05\" data-type=\"link\" data-id=\"https:\/\/archive.org\/details\/audio-fedra-olivera-espacio-hora-libre-10-05\">Descargar<\/a><br><\/p>\n\n\n<p><iframe loading=\"lazy\" src=\"https:\/\/archive.org\/embed\/audio-fedra-olivera-espacio-hora-libre-10-05\" width=\"500\" height=\"60\" frameborder=\"0\" webkitallowfullscreen=\"true\" mozallowfullscreen=\"true\" allowfullscreen><\/iframe><\/p>","protected":false},"excerpt":{"rendered":"<p>El Espacio Hora Libre es un Proyecto Integral para las Infancias que consta de Centros Educativos y Recreativos&nbsp;que actualmente trabajan con m\u00e1s de 150 infancias, n\u00famero que tuvo que limitarse por la situaci\u00f3n y el contexto social. En los \u00faltimos a\u00f1os las infancias superaban los 250. Fedra Olivera, es integrante de la coordinaci\u00f3n del Espacio [&hellip;]<\/p>\n","protected":false},"author":1,"featured_media":6441,"comment_status":"open","ping_status":"open","sticky":false,"template":"","format":"standard","meta":{"footnotes":""},"categories":[4],"tags":[],"class_list":["post-6440","post","type-post","status-publish","format-standard","has-post-thumbnail","hentry","category-derechos-humanos"],"_links":{"self":[{"href":"https:\/\/fmtinkunaco.ar\/index.php?rest_route=\/wp\/v2\/posts\/6440","targetHints":{"allow":["GET"]}}],"collection":[{"href":"https:\/\/fmtinkunaco.ar\/index.php?rest_route=\/wp\/v2\/posts"}],"about":[{"href":"https:\/\/fmtinkunaco.ar\/index.php?rest_route=\/wp\/v2\/types\/post"}],"author":[{"embeddable":true,"href":"https:\/\/fmtinkunaco.ar\/index.php?rest_route=\/wp\/v2\/users\/1"}],"replies":[{"embeddable":true,"href":"https:\/\/fmtinkunaco.ar\/index.php?rest_route=%2Fwp%2Fv2%2Fcomments&post=6440"}],"version-history":[{"count":1,"href":"https:\/\/fmtinkunaco.ar\/index.php?rest_route=\/wp\/v2\/posts\/6440\/revisions"}],"predecessor-version":[{"id":6442,"href":"https:\/\/fmtinkunaco.ar\/index.php?rest_route=\/wp\/v2\/posts\/6440\/revisions\/6442"}],"wp:featuredmedia":[{"embeddable":true,"href":"https:\/\/fmtinkunaco.ar\/index.php?rest_route=\/wp\/v2\/media\/6441"}],"wp:attachment":[{"href":"https:\/\/fmtinkunaco.ar\/index.php?rest_route=%2Fwp%2Fv2%2Fmedia&parent=6440"}],"wp:term":[{"taxonomy":"category","embeddable":true,"href":"https:\/\/fmtinkunaco.ar\/index.php?rest_route=%2Fwp%2Fv2%2Fcategories&post=6440"},{"taxonomy":"post_tag","embeddable":true,"href":"https:\/\/fmtinkunaco.ar\/index.php?rest_route=%2Fwp%2Fv2%2Ftags&post=6440"}],"curies":[{"name":"wp","href":"https:\/\/api.w.org\/{rel}","templated":true}]}}