{"id":6443,"date":"2024-05-13T11:50:31","date_gmt":"2024-05-13T14:50:31","guid":{"rendered":"https:\/\/fmtinkunaco.ar\/?p=6443"},"modified":"2024-05-14T08:31:12","modified_gmt":"2024-05-14T11:31:12","slug":"un-crimen-de-odio-crimen-premeditado-justicia-por-roxana-andrea-andrea-y-sofia","status":"publish","type":"post","link":"https:\/\/fmtinkunaco.ar\/?p=6443","title":{"rendered":"\u201cUn crimen de odio, crimen premeditado\u201d Justicia por Roxana, Andrea, Andrea y Sof\u00eda"},"content":{"rendered":"\n<p>En la ma\u00f1ana de este domingo 12\/5 falleci\u00f3 la tercer mujer del ataque lesboodioante en una pensi\u00f3n del barrio de&nbsp; Barracas. Las v\u00edctimas fueron Roxana Figueroa, Pamela Cobbas, &nbsp;Sof\u00eda Castro Riglos y Andrea Amaranta. Estas mujeres conviv\u00edan hacinadas en un Hotel en Barracas y el domingo 5 de mayo a las 23.30, Justo Fernando Barrientos, el hombre del cuarto de al lado, luego de numerosas amenazas, arroj\u00f3 un explosivo casero, las prendi\u00f3 fuego y provoc\u00f3 un incendio.<\/p>\n\n\n\n<p>Luego de lo sucedido, las cuatro fueron hospitalizadas, Roxana y Pamela murieron al poco tiempo, Andrea fue sobreviviente de Croma\u00f1\u00f3n y estuvo unos d\u00edas en terapia intensiva hasta el domingo donde falleci\u00f3 con el 75% del cuerpo quemado. La \u00faltima sobreviviente se trata de Sof\u00eda Castro, la cual presenta una evoluci\u00f3n favorable y se encuentra fuera de peligro.<\/p>\n\n\n\n<p>En una nota con el noticiero, Claudia Karina Catro, forma parte de la Red de Organizaciones Lesbianas de Argentina y autoconvocades, contaba sobre el caso <em>\u201cEllas Vivian en la habitaci\u00f3n 14 de este Hotel en Barracas, a las 1 de la ma\u00f1ana Barrientos interrumpe en el cuarto de ellas y arroja una Bomba Molotov, inmediatamente se prende fuego todo (\u2026) No hubo forma de escapar, incluso la sobreviviente que es Sof\u00eda (Castro), intento salir y este mismo Fernando Barrientos volvi\u00f3 a meterla de nuevo en la escena, el fin era <strong>matarlas<\/strong>. Por eso hablamos de crimen de odio, no queremos hablar de homicidio agravado, ac\u00e1 hay un crimen de odio, un crimen premeditado. Ellas hab\u00edan sufrido amenazas desde diciembre del 2023, \u00e9l dijo que las iba a matar\u201d.<\/em><\/p>\n\n\n\n<p>Dando un parte m\u00e1s general, Claudia tambi\u00e9n hablaba del contexto social donde se da este crimen \u201c<em>Los chistes discriminatorios se empiezan a&nbsp; crear situaciones de discriminaci\u00f3n, eso empieza por ah\u00ed y termina en situaciones odiantes. La discriminaci\u00f3n mata (\u2026) es una conducta que se aprende, no hacemos odiando y discriminando y se debe desaprender, ya no es un chiste, es una asunto serio\u201d.<\/em><\/p>\n\n\n\n<p>Por \u00faltimo, Castro tambi\u00e9n menciona al aire la importancia de la visibilizaci\u00f3n del ataque de lesboodio \u201c<em>Esto fue un crimen de odio, las mataron porque las ve\u00edan como lesbianas, los discursos de odio son avalados por el estado, Las personas odiantes se ven con el aval de poder hacer cualquier cosa, esto esperemos que deje de pasar, por eso tenemos que estar en las calles para acompa\u00f1ar el movimiento. Realmente necesitamos el apoyo, ning\u00fan medio nacional-hegem\u00f3nico nos comparte.<\/em><\/p>\n\n\n\n<p>La Asamblea de Barracas, as\u00ed como Organizaciones y referentes feministas y de la diversidad sexual, est\u00e1 organizando una Marcha hacia el hotel donde sucedi\u00f3 el ataque exigiendo justicia. Se va a dar hoy lunes 13\/5 a las 18:00hs desde Av. Montes de Oca hasta Plaza Colombia.<\/p>\n\n\n\n<p>Tambi\u00e9n est\u00e1n organizando una colecta y fondo de donaciones tanto para poder ayudar a Sof\u00eda como para contribuir con los tramites post mortem de las v\u00edctimas.<\/p>\n\n\n\n<figure class=\"wp-block-image size-large\"><img loading=\"lazy\" decoding=\"async\" width=\"1024\" height=\"1024\" src=\"https:\/\/fmtinkunaco.ar\/wp-content\/uploads\/2024\/05\/441491766_18316165840182550_5053201729735925000_n-1024x1024.jpg\" alt=\"\" class=\"wp-image-6444\" srcset=\"https:\/\/fmtinkunaco.ar\/wp-content\/uploads\/2024\/05\/441491766_18316165840182550_5053201729735925000_n-1024x1024.jpg 1024w, https:\/\/fmtinkunaco.ar\/wp-content\/uploads\/2024\/05\/441491766_18316165840182550_5053201729735925000_n-300x300.jpg 300w, https:\/\/fmtinkunaco.ar\/wp-content\/uploads\/2024\/05\/441491766_18316165840182550_5053201729735925000_n-150x150.jpg 150w, https:\/\/fmtinkunaco.ar\/wp-content\/uploads\/2024\/05\/441491766_18316165840182550_5053201729735925000_n-768x768.jpg 768w, https:\/\/fmtinkunaco.ar\/wp-content\/uploads\/2024\/05\/441491766_18316165840182550_5053201729735925000_n.jpg 1080w\" sizes=\"auto, (max-width: 1024px) 100vw, 1024px\" \/><\/figure>\n\n\n\n<p>Audio completo de la entrevista<\/p>\n\n\n<p><iframe loading=\"lazy\" src=\"https:\/\/archive.org\/embed\/entrevista-claudia-castro-13-05-24\" width=\"500\" height=\"60\" frameborder=\"0\" webkitallowfullscreen=\"true\" mozallowfullscreen=\"true\" allowfullscreen><\/iframe><\/p>\n\n\n<p><a href=\"https:\/\/archive.org\/details\/entrevista-claudia-castro-13-05-24\" data-type=\"link\" data-id=\"https:\/\/archive.org\/details\/entrevista-claudia-castro-13-05-24\">Descargar<\/a><\/p>\n","protected":false},"excerpt":{"rendered":"<p>En la ma\u00f1ana de este domingo 12\/5 falleci\u00f3 la tercer mujer del ataque lesboodioante en una pensi\u00f3n del barrio de&nbsp; Barracas. Las v\u00edctimas fueron Roxana Figueroa, Pamela Cobbas, &nbsp;Sof\u00eda Castro Riglos y Andrea Amaranta. Estas mujeres conviv\u00edan hacinadas en un Hotel en Barracas y el domingo 5 de mayo a las 23.30, Justo Fernando Barrientos, [&hellip;]<\/p>\n","protected":false},"author":1,"featured_media":6445,"comment_status":"open","ping_status":"open","sticky":false,"template":"","format":"standard","meta":{"footnotes":""},"categories":[6],"tags":[],"class_list":["post-6443","post","type-post","status-publish","format-standard","has-post-thumbnail","hentry","category-genero"],"_links":{"self":[{"href":"https:\/\/fmtinkunaco.ar\/index.php?rest_route=\/wp\/v2\/posts\/6443","targetHints":{"allow":["GET"]}}],"collection":[{"href":"https:\/\/fmtinkunaco.ar\/index.php?rest_route=\/wp\/v2\/posts"}],"about":[{"href":"https:\/\/fmtinkunaco.ar\/index.php?rest_route=\/wp\/v2\/types\/post"}],"author":[{"embeddable":true,"href":"https:\/\/fmtinkunaco.ar\/index.php?rest_route=\/wp\/v2\/users\/1"}],"replies":[{"embeddable":true,"href":"https:\/\/fmtinkunaco.ar\/index.php?rest_route=%2Fwp%2Fv2%2Fcomments&post=6443"}],"version-history":[{"count":1,"href":"https:\/\/fmtinkunaco.ar\/index.php?rest_route=\/wp\/v2\/posts\/6443\/revisions"}],"predecessor-version":[{"id":6446,"href":"https:\/\/fmtinkunaco.ar\/index.php?rest_route=\/wp\/v2\/posts\/6443\/revisions\/6446"}],"wp:featuredmedia":[{"embeddable":true,"href":"https:\/\/fmtinkunaco.ar\/index.php?rest_route=\/wp\/v2\/media\/6445"}],"wp:attachment":[{"href":"https:\/\/fmtinkunaco.ar\/index.php?rest_route=%2Fwp%2Fv2%2Fmedia&parent=6443"}],"wp:term":[{"taxonomy":"category","embeddable":true,"href":"https:\/\/fmtinkunaco.ar\/index.php?rest_route=%2Fwp%2Fv2%2Fcategories&post=6443"},{"taxonomy":"post_tag","embeddable":true,"href":"https:\/\/fmtinkunaco.ar\/index.php?rest_route=%2Fwp%2Fv2%2Ftags&post=6443"}],"curies":[{"name":"wp","href":"https:\/\/api.w.org\/{rel}","templated":true}]}}