{"id":6450,"date":"2024-05-15T11:28:54","date_gmt":"2024-05-15T14:28:54","guid":{"rendered":"https:\/\/fmtinkunaco.ar\/?p=6450"},"modified":"2024-05-17T10:10:10","modified_gmt":"2024-05-17T13:10:10","slug":"la-utep-convoca-a-una-conferencia-de-prensa-sobre-el-impacto-del-dnu-y-la-ley-bases-en-la-economia-popular","status":"publish","type":"post","link":"https:\/\/fmtinkunaco.ar\/?p=6450","title":{"rendered":"La UTEP convoca a una Conferencia de prensa sobre el impacto del DNU y la Ley Bases a las trabajadoras de la econom\u00eda popular"},"content":{"rendered":"\n<p>Luego de la Media Sanci\u00f3n del Proyecto de la Ley Bases, que apunta a desamparar varios derechos de la econom\u00eda popular, la UTEP (Uni\u00f3n de Trabajadores y Trabajadoras de la Econom\u00eda Popular) organiza una Conferencia de prensa para visibilizar las problem\u00e1ticas y consecuencias que conlleva la misma para las trabajadoras de la econom\u00eda popular.<br><\/p>\n\n\n\n<p>Johana Duarte, Secretaria Gremial de la UTEP mencionaba algunos puntos de la ley como la quita de moratoria, lo cual beneficiaba a jubiladas sin 30 a\u00f1os de aporte formal, \u201c<em>Son trabajadoras esenciales de cuidado (\u2026) No solo realizan el trabajo de la rama de la econom\u00eda social sino que realizaron las tareas de cuidado, lo han hecho a lo largo de su vida\u201d.<\/em><\/p>\n\n\n\n<p><em>Duarte tambi\u00e9n hablaba sobre la <\/em>derogaci\u00f3n del monotributo social, la perdida de la cobertura m\u00e9dica de trabajadores y sus grupos familiares, \u201c<em>Hay 600.000 trabajadores de la econom\u00eda popular que hoy est\u00e1n dentro del r\u00e9gimen del monotributo social que les permite un grado de formalizaci\u00f3n que van a dejar de tener en caso de que se pruebe la ley\u201d.<\/em><\/p>\n\n\n\n<p>Duarte se\u00f1alaba los retrocesos en niveles de derechos y, a la vez, el fomento de la precarizaci\u00f3n y flexibilizaci\u00f3n laboral, mas en especifico en el \u00e1rea de mujeres y disidencias. <br><br>Con respecto a la Conferencia de Prensa, Duarte explicaba \u201c<em>Rechazamos en plenitud esta ley e invitamos a los senadores a votar a favor del pueblo y no en contra de \u00e9l <\/em>(\u2026) <em>Este gobierno efectivamente viene a destruir no solo el empleo formal sino que viene a destrozar a los trabajadores de la econom\u00eda popular que son el n\u00facleo de trabajadores m\u00e1s golpeados\u201d.<\/em><\/p>\n\n\n\n<p>La Conferencia de prensa est\u00e1 prevista para el d\u00eda viernes 17\/05 a las 10hs. Frente al Congreso Nacional.<\/p>\n\n\n<div class=\"wp-block-image\">\n<figure class=\"aligncenter size-large\"><img loading=\"lazy\" decoding=\"async\" width=\"1024\" height=\"1024\" src=\"https:\/\/fmtinkunaco.ar\/wp-content\/uploads\/2024\/05\/426341599_837599491729017_8326834606221745986_n-1024x1024.jpg\" alt=\"\" class=\"wp-image-6452\" srcset=\"https:\/\/fmtinkunaco.ar\/wp-content\/uploads\/2024\/05\/426341599_837599491729017_8326834606221745986_n-1024x1024.jpg 1024w, https:\/\/fmtinkunaco.ar\/wp-content\/uploads\/2024\/05\/426341599_837599491729017_8326834606221745986_n-300x300.jpg 300w, https:\/\/fmtinkunaco.ar\/wp-content\/uploads\/2024\/05\/426341599_837599491729017_8326834606221745986_n-150x150.jpg 150w, https:\/\/fmtinkunaco.ar\/wp-content\/uploads\/2024\/05\/426341599_837599491729017_8326834606221745986_n-768x768.jpg 768w, https:\/\/fmtinkunaco.ar\/wp-content\/uploads\/2024\/05\/426341599_837599491729017_8326834606221745986_n.jpg 1200w\" sizes=\"auto, (max-width: 1024px) 100vw, 1024px\" \/><\/figure>\n<\/div>\n\n\n<p>Entrevista completa en el Noticiero Encuentro con las Noticias<\/p>\n\n\n<p><iframe loading=\"lazy\" src=\"https:\/\/archive.org\/embed\/entrevista-johana-duarte-utep-15-05-24\" width=\"500\" height=\"60\" frameborder=\"0\" webkitallowfullscreen=\"true\" mozallowfullscreen=\"true\" allowfullscreen><\/iframe><\/p>\n\n\n<p><a href=\"https:\/\/archive.org\/details\/entrevista-johana-duarte-utep-15-05-24\" data-type=\"link\" data-id=\"https:\/\/archive.org\/details\/entrevista-johana-duarte-utep-15-05-24\">Descargar<\/a><\/p>\n","protected":false},"excerpt":{"rendered":"<p>Luego de la Media Sanci\u00f3n del Proyecto de la Ley Bases, que apunta a desamparar varios derechos de la econom\u00eda popular, la UTEP (Uni\u00f3n de Trabajadores y Trabajadoras de la Econom\u00eda Popular) organiza una Conferencia de prensa para visibilizar las problem\u00e1ticas y consecuencias que conlleva la misma para las trabajadoras de la econom\u00eda popular. Johana [&hellip;]<\/p>\n","protected":false},"author":1,"featured_media":6451,"comment_status":"open","ping_status":"open","sticky":false,"template":"","format":"standard","meta":{"footnotes":""},"categories":[4],"tags":[],"class_list":["post-6450","post","type-post","status-publish","format-standard","has-post-thumbnail","hentry","category-derechos-humanos"],"_links":{"self":[{"href":"https:\/\/fmtinkunaco.ar\/index.php?rest_route=\/wp\/v2\/posts\/6450","targetHints":{"allow":["GET"]}}],"collection":[{"href":"https:\/\/fmtinkunaco.ar\/index.php?rest_route=\/wp\/v2\/posts"}],"about":[{"href":"https:\/\/fmtinkunaco.ar\/index.php?rest_route=\/wp\/v2\/types\/post"}],"author":[{"embeddable":true,"href":"https:\/\/fmtinkunaco.ar\/index.php?rest_route=\/wp\/v2\/users\/1"}],"replies":[{"embeddable":true,"href":"https:\/\/fmtinkunaco.ar\/index.php?rest_route=%2Fwp%2Fv2%2Fcomments&post=6450"}],"version-history":[{"count":4,"href":"https:\/\/fmtinkunaco.ar\/index.php?rest_route=\/wp\/v2\/posts\/6450\/revisions"}],"predecessor-version":[{"id":6460,"href":"https:\/\/fmtinkunaco.ar\/index.php?rest_route=\/wp\/v2\/posts\/6450\/revisions\/6460"}],"wp:featuredmedia":[{"embeddable":true,"href":"https:\/\/fmtinkunaco.ar\/index.php?rest_route=\/wp\/v2\/media\/6451"}],"wp:attachment":[{"href":"https:\/\/fmtinkunaco.ar\/index.php?rest_route=%2Fwp%2Fv2%2Fmedia&parent=6450"}],"wp:term":[{"taxonomy":"category","embeddable":true,"href":"https:\/\/fmtinkunaco.ar\/index.php?rest_route=%2Fwp%2Fv2%2Fcategories&post=6450"},{"taxonomy":"post_tag","embeddable":true,"href":"https:\/\/fmtinkunaco.ar\/index.php?rest_route=%2Fwp%2Fv2%2Ftags&post=6450"}],"curies":[{"name":"wp","href":"https:\/\/api.w.org\/{rel}","templated":true}]}}