{"id":6457,"date":"2024-05-16T11:27:05","date_gmt":"2024-05-16T14:27:05","guid":{"rendered":"https:\/\/fmtinkunaco.ar\/?p=6457"},"modified":"2024-05-16T11:27:05","modified_gmt":"2024-05-16T14:27:05","slug":"el-parto-es-respetado-cuando-vos-podes-elegir-semana-del-parto-respetado-en-la-maternidad-estela-de-carlottto","status":"publish","type":"post","link":"https:\/\/fmtinkunaco.ar\/?p=6457","title":{"rendered":"\u201cEl parto es respetado cuando vos podes elegir\u201d Semana del Parto Respetado en la Maternidad Estela de Carlottto"},"content":{"rendered":"\n<p><\/p>\n\n\n\n<p>Desde el lunes 13 hasta el s\u00e1bado 18 de mayo se va a estar llevando a cabo en la Maternidad Estela de Carlotto (Albatros 7225, Trujui) una serie de talleres, stands y actividades en el marco de la Semana Mundial del Parto Respetado.<\/p>\n\n\n\n<p>Todos los d\u00edas de la semana a partir de las 9 hs se va a estar realizando actividades informativas apuntadas a la preparaci\u00f3n, acompa\u00f1amiento, modos de atenci\u00f3n de los procesos de nacimiento. En el marco de la Ley Nacional N\u00b0 25.929 de Parto Respetado, junto con la adhesi\u00f3n Provincial N\u00b0 15.188, garantiza el respeto y consideraci\u00f3n por los deseos, costumbres y elecciones de la persona gestante al momento de transitar el trabajo de parto.<\/p>\n\n\n\n<p><em>\u201cEn c\u00f3mo estamos, en c\u00f3mo est\u00e1 la gente. La violencia que se est\u00e1 generando en lugares y situaciones. Uno piensa en priorizar otro contexto y sin embargo esto es lo que nos va a sacar, el cuidado, la ternura, el que podamos <strong>respetar y acompa\u00f1ar<\/strong> desde la amorosidad\u201d<\/em> contaba <em>&nbsp;<\/em>Melina Vicenti, Coordinadora de Obstetricia de la Maternidad.<\/p>\n\n\n\n<p>En una entrevista con el Noticiero, Vicenti mencionaba la importancia de la preparaci\u00f3n del equipo de Salud, \u201c<em>Todo el equipo te acompa\u00f1a, no solo las parteras (\u2026) La pregunta que les hicimos a los trabajadores esta semana fue \u2018Qu\u00e9 es el parto respetado y como garantizas el parto respetado desde tu rol\u2019. Porque hay veces donde van para un camino los trabajadores y los usuarios de otro, tenemos que tratar de incluir e intercambiar lo que nos pasa para ver <strong>qu\u00e9 est\u00e1n necesitando las mujeres\u201d.<\/strong><\/em><\/p>\n\n\n\n<p><a href=\"https:\/\/www.instagram.com\/p\/C63y_y4sEZM\/?img_index=1\" data-type=\"link\" data-id=\"https:\/\/www.instagram.com\/p\/C63y_y4sEZM\/?img_index=1\">Cronograma de Actividades en la Maternidad<\/a><\/p>\n\n\n\n<p>Entrevista completa en el Noticiero Encuentro con las Noticias<\/p>\n\n\n<p><iframe loading=\"lazy\" src=\"https:\/\/archive.org\/embed\/entrevista-melina-vicenti-16-05-24\" width=\"500\" height=\"60\" frameborder=\"0\" webkitallowfullscreen=\"true\" mozallowfullscreen=\"true\" allowfullscreen><\/iframe><\/p>\n\n\n<p><a href=\"https:\/\/archive.org\/details\/entrevista-melina-vicenti-16-05-24\" data-type=\"link\" data-id=\"https:\/\/archive.org\/details\/entrevista-melina-vicenti-16-05-24\">Descargar<\/a><\/p>\n","protected":false},"excerpt":{"rendered":"<p>Desde el lunes 13 hasta el s\u00e1bado 18 de mayo se va a estar llevando a cabo en la Maternidad Estela de Carlotto (Albatros 7225, Trujui) una serie de talleres, stands y actividades en el marco de la Semana Mundial del Parto Respetado. Todos los d\u00edas de la semana a partir de las 9 hs [&hellip;]<\/p>\n","protected":false},"author":1,"featured_media":6458,"comment_status":"open","ping_status":"open","sticky":false,"template":"","format":"standard","meta":{"footnotes":""},"categories":[1],"tags":[],"class_list":["post-6457","post","type-post","status-publish","format-standard","has-post-thumbnail","hentry","category-blog"],"_links":{"self":[{"href":"https:\/\/fmtinkunaco.ar\/index.php?rest_route=\/wp\/v2\/posts\/6457","targetHints":{"allow":["GET"]}}],"collection":[{"href":"https:\/\/fmtinkunaco.ar\/index.php?rest_route=\/wp\/v2\/posts"}],"about":[{"href":"https:\/\/fmtinkunaco.ar\/index.php?rest_route=\/wp\/v2\/types\/post"}],"author":[{"embeddable":true,"href":"https:\/\/fmtinkunaco.ar\/index.php?rest_route=\/wp\/v2\/users\/1"}],"replies":[{"embeddable":true,"href":"https:\/\/fmtinkunaco.ar\/index.php?rest_route=%2Fwp%2Fv2%2Fcomments&post=6457"}],"version-history":[{"count":1,"href":"https:\/\/fmtinkunaco.ar\/index.php?rest_route=\/wp\/v2\/posts\/6457\/revisions"}],"predecessor-version":[{"id":6459,"href":"https:\/\/fmtinkunaco.ar\/index.php?rest_route=\/wp\/v2\/posts\/6457\/revisions\/6459"}],"wp:featuredmedia":[{"embeddable":true,"href":"https:\/\/fmtinkunaco.ar\/index.php?rest_route=\/wp\/v2\/media\/6458"}],"wp:attachment":[{"href":"https:\/\/fmtinkunaco.ar\/index.php?rest_route=%2Fwp%2Fv2%2Fmedia&parent=6457"}],"wp:term":[{"taxonomy":"category","embeddable":true,"href":"https:\/\/fmtinkunaco.ar\/index.php?rest_route=%2Fwp%2Fv2%2Fcategories&post=6457"},{"taxonomy":"post_tag","embeddable":true,"href":"https:\/\/fmtinkunaco.ar\/index.php?rest_route=%2Fwp%2Fv2%2Ftags&post=6457"}],"curies":[{"name":"wp","href":"https:\/\/api.w.org\/{rel}","templated":true}]}}