{"id":6464,"date":"2024-05-21T11:14:47","date_gmt":"2024-05-21T14:14:47","guid":{"rendered":"https:\/\/fmtinkunaco.ar\/?p=6464"},"modified":"2024-05-21T11:16:47","modified_gmt":"2024-05-21T14:16:47","slug":"causa-judicial-en-contra-de-la-municipalidad-de-moreno-por-usurpacion-de-un-predio-de-la-espunm","status":"publish","type":"post","link":"https:\/\/fmtinkunaco.ar\/?p=6464","title":{"rendered":"Causa Judicial en contra de la Municipalidad de Moreno por usurpaci\u00f3n de un predio de la ESPUNM"},"content":{"rendered":"\n<p>El predio utilizado y bajo el cargo hace m\u00e1s de 10 a\u00f1os por la Universidad Nacional de Moreno y la Escuela Secundaria Polit\u00e9cnica fue usurpada para una construcci\u00f3n bajo pedido de la Municipalidad de Moreno.<\/p>\n\n\n\n<p>El terreno, el cual estaba planeado para la construcci\u00f3n de un Instituto de Tecnolog\u00eda de la ESPUNM, se encuentra en disputa y atraviesa una causa judicial contra la Municipalidad de Moreno por Nulidad de Acto Administrativo.<\/p>\n\n\n\n<p>Claudio Fardelli, Director de la Escuela Polit\u00e9cnica explicaba la situaci\u00f3n <em>\u201cel conflicto viene hace a\u00f1os, el terreno en cuesti\u00f3n es de la Universidad Nacional de Moreno, la cual mantuvo bajo su custodia durante 10 a\u00f1os de manera pac\u00edfica se realizaban actividades dentro. Era donde la Universidad ten\u00eda prevista la construcci\u00f3n de un complejo que inclu\u00eda la escuela Secundaria Polit\u00e9cnica y el <strong>Instituto Tecnol\u00f3gico de la Universidad,<\/strong> en el marco del proyecto de desarrollo e innovaci\u00f3n\u201d. <\/em>&nbsp;<\/p>\n\n\n\n<p>Fardelli, tambi\u00e9n comento las medidas municipales \u201c<em>el municipio nunca aprob\u00f3 los aptos ambientales y luego comenz\u00f3 a reclamar como propio ese terreno. Finalmente en marzo del 2023, usurpo el terreno y digo usurp\u00f3 <strong>porque lo tomaron por la fuerza<\/strong>, no fue por la justicia o un reclamo, se metieron por la fuerza, sacaron al personal de vigilancia de la universidad y se apropiaron del terreno\u201d.<\/em><\/p>\n\n\n\n<p>El caso judicial sobre la titularidad del predio en el Juzgado Federal de Moreno &nbsp;se encuentra abierto y avanzo ya con 3 licitaciones. Tambi\u00e9n se cit\u00f3 a declarar a la Direcci\u00f3n General de Escuelas, a la SENAF y a la ABBE para resolver el destino del terreno. +<\/p>\n\n\n\n<p>En cuanto a la situaci\u00f3n de la Escuela Secundaria y su continuidad, el director mencionaba \u201cestamos bajo un <em>Plan de Continuidad Pedag\u00f3gica que nos oblig\u00f3 a abrir dos turnos y acortar la jornada escolar. Nos oblig\u00f3 a eliminar una serie de talleres extracurriculares, queda reducido tanto el proyecto pedag\u00f3gico como la cantidad posible de estudiantes\u201d.<\/em><\/p>\n\n\n\n<p>Entrevista Realizada en el Noticiero Encuentro con las Noticias<\/p>\n\n\n<p><iframe loading=\"lazy\" src=\"https:\/\/archive.org\/embed\/entrevista-claudio-fardelli-espunm-20-05-24\" width=\"500\" height=\"60\" frameborder=\"0\" webkitallowfullscreen=\"true\" mozallowfullscreen=\"true\" allowfullscreen><\/iframe><\/p>\n\n\n<p><a href=\"https:\/\/archive.org\/details\/entrevista-claudio-fardelli-espunm-20-05-24\" data-type=\"link\" data-id=\"https:\/\/archive.org\/details\/entrevista-claudio-fardelli-espunm-20-05-24\">Descargar<\/a><\/p>\n","protected":false},"excerpt":{"rendered":"<p>El predio utilizado y bajo el cargo hace m\u00e1s de 10 a\u00f1os por la Universidad Nacional de Moreno y la Escuela Secundaria Polit\u00e9cnica fue usurpada para una construcci\u00f3n bajo pedido de la Municipalidad de Moreno. El terreno, el cual estaba planeado para la construcci\u00f3n de un Instituto de Tecnolog\u00eda de la ESPUNM, se encuentra en [&hellip;]<\/p>\n","protected":false},"author":1,"featured_media":6465,"comment_status":"open","ping_status":"open","sticky":false,"template":"","format":"standard","meta":{"footnotes":""},"categories":[1],"tags":[],"class_list":["post-6464","post","type-post","status-publish","format-standard","has-post-thumbnail","hentry","category-blog"],"_links":{"self":[{"href":"https:\/\/fmtinkunaco.ar\/index.php?rest_route=\/wp\/v2\/posts\/6464","targetHints":{"allow":["GET"]}}],"collection":[{"href":"https:\/\/fmtinkunaco.ar\/index.php?rest_route=\/wp\/v2\/posts"}],"about":[{"href":"https:\/\/fmtinkunaco.ar\/index.php?rest_route=\/wp\/v2\/types\/post"}],"author":[{"embeddable":true,"href":"https:\/\/fmtinkunaco.ar\/index.php?rest_route=\/wp\/v2\/users\/1"}],"replies":[{"embeddable":true,"href":"https:\/\/fmtinkunaco.ar\/index.php?rest_route=%2Fwp%2Fv2%2Fcomments&post=6464"}],"version-history":[{"count":2,"href":"https:\/\/fmtinkunaco.ar\/index.php?rest_route=\/wp\/v2\/posts\/6464\/revisions"}],"predecessor-version":[{"id":6467,"href":"https:\/\/fmtinkunaco.ar\/index.php?rest_route=\/wp\/v2\/posts\/6464\/revisions\/6467"}],"wp:featuredmedia":[{"embeddable":true,"href":"https:\/\/fmtinkunaco.ar\/index.php?rest_route=\/wp\/v2\/media\/6465"}],"wp:attachment":[{"href":"https:\/\/fmtinkunaco.ar\/index.php?rest_route=%2Fwp%2Fv2%2Fmedia&parent=6464"}],"wp:term":[{"taxonomy":"category","embeddable":true,"href":"https:\/\/fmtinkunaco.ar\/index.php?rest_route=%2Fwp%2Fv2%2Fcategories&post=6464"},{"taxonomy":"post_tag","embeddable":true,"href":"https:\/\/fmtinkunaco.ar\/index.php?rest_route=%2Fwp%2Fv2%2Ftags&post=6464"}],"curies":[{"name":"wp","href":"https:\/\/api.w.org\/{rel}","templated":true}]}}