{"id":6468,"date":"2024-05-22T10:20:13","date_gmt":"2024-05-22T13:20:13","guid":{"rendered":"https:\/\/fmtinkunaco.ar\/?p=6468"},"modified":"2024-05-22T10:20:13","modified_gmt":"2024-05-22T13:20:13","slug":"paro-nacional-universitario","status":"publish","type":"post","link":"https:\/\/fmtinkunaco.ar\/?p=6468","title":{"rendered":"Paro Nacional Universitario"},"content":{"rendered":"\n<p>El Frente de Asociaciones de Base (FAB) convoca a un paro nacional universitario ma\u00f1ana jueves 23 de mayo.<br><br>La acci\u00f3n de lucha se defini\u00f3 como rechazo a la gesti\u00f3n frente a los reclamos de las universidades nacionales y a la oferta salarial del 9% que ofreci\u00f3 el gobierno frente a una p\u00e9rdida del poder adquisitivo del 50%.<\/p>\n\n\n\n<p>Mat\u00edas Rivera, Docente de la Universidad Nacional de Jos\u00e9. C. Paz, se refiri\u00f3 la situaci\u00f3n<em> \u201cEl problema de origen fue que el Gobierno Nacional decidi\u00f3 congelar las partidas presupuestarias al mismo valor 2023, eso ya de entrada significo para nosotros una p\u00e9rdida importante porque, por ejemplo, tenemos una inflaci\u00f3n interanual de casi el 300%. (\u2026) Y nosotros seguimos recibiendo la misma partida presupuestaria que hace un a\u00f1o\u201d.<\/em><\/p>\n\n\n\n<p>Este conflicto tuvo mayor visibilidad en la marcha nacional universitaria del mes de abril, pero que no obtuvo una respuesta positiva por parte de las autoridades.<\/p>\n\n\n\n<p>Rivera, se refiri\u00f3 al posible primer acuerdo con la Universidad de Buenos Aires (UBA) <em>\u201cQue pas\u00f3 en este \u00faltimo momento, es el presunto acuerdo con la Universidad de Buenos Aires pero en realidad hay que tomarlo un poco con pinzas porque el acuerdo no fue darle los fondos de funcionamiento a la UBA, en realidad lo que se le gir\u00f3 fue el 47% de los fondos y lo que implica, solamente, el sostenimiento de los hospitales universitarios y al resto de las universidades se les gir\u00f3 menos del 10%\u201d.<\/em><br><br>Finalmente, Mat\u00edas Rivera, afirm\u00f3 <em>\u201cEn la UBA el rector responde al radicalismo y el gobierno de Milei est\u00e1 necesitando con urgencia tener los votos radicales para poder sancionar la Ley de Bases en el Senado. Lo que se hizo fue hacer ese acuerdo con el rectorado de la UBA, por eso digo que no es con toda la UBA porque parte de la universidad est\u00e1 en contra, pero hicieron ese arreglo con el rector a fin de que Lousteau y su bloque en el Senado voten a favor de la Ley de Bases lo que fue a\u00fan m\u00e1s indignante todav\u00eda por eso tambi\u00e9n la reacci\u00f3n de las universidades y la convocatoria a esta jornada de visibilizaci\u00f3n y protesta el mi\u00e9rcoles y el paro con cese de actividades &nbsp;el jueves\u201d.<\/em><\/p>\n\n\n\n<p>En este contexto la convocatoria pretende visibilizar nuevamente la cr\u00edtica situaci\u00f3n de las universidades nacionales y adem\u00e1s, repudiar el uso del presupuesto como moneda de cambio por votos en el Senado.<\/p>\n\n\n\n<p>En la Universidad Nacional de Jos\u00e9. C. Paz las acciones de lucha comienzan hoy con clases p\u00fablicas y volanteadas y ma\u00f1ana, jueves 23 de mayo, paro nacional universitario sin asistencia a los lugares de trabajo.<\/p>\n\n\n\n<p>Compartimos entrevista completa<\/p>\n\n\n\n<p><a href=\"https:\/\/archive.org\/details\/audio-matias-rivera-21-05\">Descargar<\/a><\/p>\n\n\n<p><iframe loading=\"lazy\" src=\"https:\/\/archive.org\/embed\/audio-matias-rivera-21-05\" width=\"500\" height=\"60\" frameborder=\"0\" webkitallowfullscreen=\"true\" mozallowfullscreen=\"true\" allowfullscreen><\/iframe><\/p>","protected":false},"excerpt":{"rendered":"<p>El Frente de Asociaciones de Base (FAB) convoca a un paro nacional universitario ma\u00f1ana jueves 23 de mayo. La acci\u00f3n de lucha se defini\u00f3 como rechazo a la gesti\u00f3n frente a los reclamos de las universidades nacionales y a la oferta salarial del 9% que ofreci\u00f3 el gobierno frente a una p\u00e9rdida del poder adquisitivo [&hellip;]<\/p>\n","protected":false},"author":1,"featured_media":6469,"comment_status":"open","ping_status":"open","sticky":false,"template":"","format":"standard","meta":{"footnotes":""},"categories":[5],"tags":[],"class_list":["post-6468","post","type-post","status-publish","format-standard","has-post-thumbnail","hentry","category-educacion"],"_links":{"self":[{"href":"https:\/\/fmtinkunaco.ar\/index.php?rest_route=\/wp\/v2\/posts\/6468","targetHints":{"allow":["GET"]}}],"collection":[{"href":"https:\/\/fmtinkunaco.ar\/index.php?rest_route=\/wp\/v2\/posts"}],"about":[{"href":"https:\/\/fmtinkunaco.ar\/index.php?rest_route=\/wp\/v2\/types\/post"}],"author":[{"embeddable":true,"href":"https:\/\/fmtinkunaco.ar\/index.php?rest_route=\/wp\/v2\/users\/1"}],"replies":[{"embeddable":true,"href":"https:\/\/fmtinkunaco.ar\/index.php?rest_route=%2Fwp%2Fv2%2Fcomments&post=6468"}],"version-history":[{"count":1,"href":"https:\/\/fmtinkunaco.ar\/index.php?rest_route=\/wp\/v2\/posts\/6468\/revisions"}],"predecessor-version":[{"id":6470,"href":"https:\/\/fmtinkunaco.ar\/index.php?rest_route=\/wp\/v2\/posts\/6468\/revisions\/6470"}],"wp:featuredmedia":[{"embeddable":true,"href":"https:\/\/fmtinkunaco.ar\/index.php?rest_route=\/wp\/v2\/media\/6469"}],"wp:attachment":[{"href":"https:\/\/fmtinkunaco.ar\/index.php?rest_route=%2Fwp%2Fv2%2Fmedia&parent=6468"}],"wp:term":[{"taxonomy":"category","embeddable":true,"href":"https:\/\/fmtinkunaco.ar\/index.php?rest_route=%2Fwp%2Fv2%2Fcategories&post=6468"},{"taxonomy":"post_tag","embeddable":true,"href":"https:\/\/fmtinkunaco.ar\/index.php?rest_route=%2Fwp%2Fv2%2Ftags&post=6468"}],"curies":[{"name":"wp","href":"https:\/\/api.w.org\/{rel}","templated":true}]}}