{"id":6471,"date":"2024-05-22T13:52:15","date_gmt":"2024-05-22T16:52:15","guid":{"rendered":"https:\/\/fmtinkunaco.ar\/?p=6471"},"modified":"2024-05-22T13:52:38","modified_gmt":"2024-05-22T16:52:38","slug":"militamos-adopcion-una-organizacion-de-madres-y-padres-por-la-adopcion-en-argentina","status":"publish","type":"post","link":"https:\/\/fmtinkunaco.ar\/?p=6471","title":{"rendered":"\u201cMilitamos Adopci\u00f3n\u201d, una organizaci\u00f3n de madres y padres por la adopci\u00f3n en Argentina"},"content":{"rendered":"\n<p><strong>\u201cMilitamos adopci\u00f3n\u201d<\/strong> es una organizaci\u00f3n de madres y padres por la adopci\u00f3n en Argentina que tiene, como uno de sus principales objetivos, generar conciencia y brindar asesoramiento y contenci\u00f3n a las familias que quieren y desean adoptar. <br><br>Mariano Quiroga, es pap\u00e1 por adopci\u00f3n e integrante de la agrupaci\u00f3n Militamos Adopci\u00f3n, y comparti\u00f3 su historia <em>\u201cNosotros con mi mujer adoptamos dos hermanos, un nene y una nena, que en su momento ten\u00edan 7 y 5 a\u00f1os. Ese es otro de los grandes temas cuando hablamos de chicos m\u00e1s grandes muchas veces hay grupos de hermanos de 2, de 3, de 4 hasta de 5, hasta de 6 tenemos en militamos adopci\u00f3n. Hay algunas familias que adoptaron a grupos de 6 hermanos. (&#8230;) En nuestro caso no fue la primera opci\u00f3n, hab\u00edamos intentado tener hijos por fecundaciones in vitro, por distintos tipos de ayuda cient\u00edfica si se quiere para ser pap\u00e1s, en determinado momento nos planteamos la adopci\u00f3n y es ah\u00ed cuando uno se acerca y conoce un poco m\u00e1s la realidad es donde puede ir empezando a calibrar un poco mejor lo que quiere para ser pap\u00e1 o mam\u00e1\u201d.<\/em><br><br>Quiroga, adem\u00e1s, se refiri\u00f3 a la importancia de que exista un espacio como esta organizaci\u00f3n <em>\u201cLa verdad es que estamos muy contentos de haber generado esa comunidad, esa cosa trival entre tantos pap\u00e1s y mam\u00e1s de todo el pa\u00eds porque cuando muchos de nosotros que adoptamos hace algunos a\u00f1os no exist\u00edan esas redes de contenci\u00f3n, digamos las fuimos construyendo por necesidad, por afinidad y por el gusto y el placer de poder hablar de todo esto con alguien que te entiende pero no que te entiende desde lo intelectual, si no que te entiende porque pas\u00f3 por lo mismo\u201d.<\/em><br><em><br><\/em>Adem\u00e1s, en esta l\u00ednea, sum\u00f3 <em>\u201cNosotros lo que quer\u00edamos es ayudar a derribar los mitos, informar a trav\u00e9s de contar nuestras historias desde la primera persona. Hicimos libros, ya escribimos 3 libros y estamos preparando un cuarto, que va a ser una suerte de recopilaci\u00f3n\u201d.<\/em><\/p>\n\n\n\n<p>Actualmente, la organizaci\u00f3n cuenta con seis grupos de apoyo y contenci\u00f3n para las familias adoptivas para generar un intercambio y colectivamente resolver y responder a determinadas situaciones.<br><br>Todo el material generado por la organizaci\u00f3n es totalmente gratuito y de f\u00e1cil acceso, solo debes ingresar a <a href=\"http:\/\/www.militamosadopcion.ar\">www.militamosadopcion.ar<\/a><br><\/p>\n\n\n\n<p><a href=\"https:\/\/archive.org\/details\/audio-mariano-quiroga-22-05-2024\">Descargar<\/a><\/p>\n\n\n\n<p>Compartimos entrevista completa&nbsp;&nbsp;&nbsp;&nbsp;&nbsp;&nbsp;&nbsp;&nbsp;&nbsp;&nbsp;&nbsp;&nbsp;&nbsp;&nbsp;&nbsp;&nbsp;&nbsp;&nbsp;&nbsp;&nbsp;&nbsp;&nbsp;&nbsp;&nbsp;&nbsp;&nbsp;&nbsp;&nbsp;&nbsp;&nbsp;&nbsp;&nbsp;&nbsp;&nbsp;&nbsp;&nbsp;&nbsp;&nbsp; &nbsp;<\/p>\n\n\n<p><iframe loading=\"lazy\" src=\"https:\/\/archive.org\/embed\/audio-mariano-quiroga-22-05-2024\" width=\"500\" height=\"60\" frameborder=\"0\" webkitallowfullscreen=\"true\" mozallowfullscreen=\"true\" allowfullscreen><\/iframe><\/p>","protected":false},"excerpt":{"rendered":"<p>\u201cMilitamos adopci\u00f3n\u201d es una organizaci\u00f3n de madres y padres por la adopci\u00f3n en Argentina que tiene, como uno de sus principales objetivos, generar conciencia y brindar asesoramiento y contenci\u00f3n a las familias que quieren y desean adoptar. Mariano Quiroga, es pap\u00e1 por adopci\u00f3n e integrante de la agrupaci\u00f3n Militamos Adopci\u00f3n, y comparti\u00f3 su historia \u201cNosotros [&hellip;]<\/p>\n","protected":false},"author":1,"featured_media":6472,"comment_status":"open","ping_status":"open","sticky":false,"template":"","format":"standard","meta":{"footnotes":""},"categories":[4],"tags":[],"class_list":["post-6471","post","type-post","status-publish","format-standard","has-post-thumbnail","hentry","category-derechos-humanos"],"_links":{"self":[{"href":"https:\/\/fmtinkunaco.ar\/index.php?rest_route=\/wp\/v2\/posts\/6471","targetHints":{"allow":["GET"]}}],"collection":[{"href":"https:\/\/fmtinkunaco.ar\/index.php?rest_route=\/wp\/v2\/posts"}],"about":[{"href":"https:\/\/fmtinkunaco.ar\/index.php?rest_route=\/wp\/v2\/types\/post"}],"author":[{"embeddable":true,"href":"https:\/\/fmtinkunaco.ar\/index.php?rest_route=\/wp\/v2\/users\/1"}],"replies":[{"embeddable":true,"href":"https:\/\/fmtinkunaco.ar\/index.php?rest_route=%2Fwp%2Fv2%2Fcomments&post=6471"}],"version-history":[{"count":2,"href":"https:\/\/fmtinkunaco.ar\/index.php?rest_route=\/wp\/v2\/posts\/6471\/revisions"}],"predecessor-version":[{"id":6474,"href":"https:\/\/fmtinkunaco.ar\/index.php?rest_route=\/wp\/v2\/posts\/6471\/revisions\/6474"}],"wp:featuredmedia":[{"embeddable":true,"href":"https:\/\/fmtinkunaco.ar\/index.php?rest_route=\/wp\/v2\/media\/6472"}],"wp:attachment":[{"href":"https:\/\/fmtinkunaco.ar\/index.php?rest_route=%2Fwp%2Fv2%2Fmedia&parent=6471"}],"wp:term":[{"taxonomy":"category","embeddable":true,"href":"https:\/\/fmtinkunaco.ar\/index.php?rest_route=%2Fwp%2Fv2%2Fcategories&post=6471"},{"taxonomy":"post_tag","embeddable":true,"href":"https:\/\/fmtinkunaco.ar\/index.php?rest_route=%2Fwp%2Fv2%2Ftags&post=6471"}],"curies":[{"name":"wp","href":"https:\/\/api.w.org\/{rel}","templated":true}]}}