{"id":6476,"date":"2024-05-23T12:40:03","date_gmt":"2024-05-23T15:40:03","guid":{"rendered":"https:\/\/fmtinkunaco.ar\/?p=6476"},"modified":"2024-05-23T12:40:04","modified_gmt":"2024-05-23T15:40:04","slug":"la-ley-bases-y-el-impacto-en-las-trabajadoras-informales","status":"publish","type":"post","link":"https:\/\/fmtinkunaco.ar\/?p=6476","title":{"rendered":"La Ley Bases y el impacto en las trabajadoras informales"},"content":{"rendered":"\n<p>El Centro de Estudios Legales y Sociales (CELS) es una organizaci\u00f3n que trabaja, entre otras cosas, en la promoci\u00f3n y protecci\u00f3n de los Derechos Humanos.<br><br>En marco de este hist\u00f3rico trabajo y frente al contexto pol\u00edtico, social y econ\u00f3mico, han conformado la mesa intersectorial <strong>\u201cLa Cocina de los Cuidados\u201d<\/strong> con representantes de organizaciones sociales y de derechos humanos, sindicatos, iglesias, de la academia, funcionarias y legisladoras para monitorear el impacto de las pol\u00edticas del gobierno nacional en el acceso a los cuidados.<br><br>El Cels remarca que de aprobarse la Ley Bases, ser\u00eda una gran perdida de derechos laborales vitales para el reconocimiento de la vida de muchos trabajadoras y trabajadores informales, por ejemplo las Educadoras Populares.<br><strong><br><\/strong>Lucia De La Vega, es Coordinadora de la Agenda Transversal Feminista del Centro de Estudios Legales y Sociales (CELS), explic\u00f3 el impacto en cuestiones fiscales de la Ley B Bases \u201c<em>El proyecto de reforma fiscal lo que plantea es una estructura tributaria sumamente regresiva donde pagan m\u00e1s los que menos tienen. Implica volver a establecer el impuesto a las ganancias, subir los montos del Monotributo y eliminar el Monotributo Social, que hoy alcanza a 620.000 personas en situaci\u00f3n de precarizaci\u00f3n laboral. El Monotributo est\u00e1 pensado como un pasito m\u00e1s, para que los trabajadores y trabajadoras de los sectores m\u00e1s vulnerables tengan aportes y obra social. (\u2026) que se les quite lo poco que tienen\u201d.<\/em><\/p>\n\n\n\n<p>Adem\u00e1s, De La Vega remarc\u00f3 <em>\u201cEsto alcanza a las trabajadoras de los espacios comunitarios, castiga much\u00edsimo a los espacios y organizaciones comunitarios. Son esas trabajadoras que garantizan los espacios de cuidado de primera infancia. (\u2026) Facilitan los cuidados comunitarios y tambi\u00e9n actividades de recreaci\u00f3n, f\u00edsicas, art\u00edsticas para los chicos\u201d.<\/em><\/p>\n\n\n\n<p>Luc\u00eda De La Vega, tambi\u00e9n explic\u00f3 la importancia de las organizaciones sociales en este contexto social <em>\u201cEn una crisis social y econ\u00f3mica tan grande, son las organizaciones (comunitarias) quienes sostienen, si se corren qu\u00e9 nos queda?<br>Son la puerta al acceso de derechos, a exigir al estado que implemente los derechos que tenemos. Es muy lamentable que se castigue a quienes hoy est\u00e1n garantizando a diario los derechos en el territorio, el derecho a la educaci\u00f3n, a la recreaci\u00f3n de ni\u00f1os y ni\u00f1as, el derecho a una vida libre de violencia, el derecho a una vida libre de violencia\u201d.<\/em><\/p>\n\n\n\n<p>En esta l\u00ednea de trabajo, en el mes de febrero el CELS realiz\u00f3 un amparo junt\u00f3 a la UTEP por el acceso a alimentos y reci\u00e9n la semana pasada se certific\u00f3 el proceso colectivo, de modo que se encuentran a la espera de respuestas. Y esperan que el Senado no acompa\u00f1e la Ley Bases.<br><br>Compartimos la entrevista completa<\/p>\n\n\n\n<p><a href=\"https:\/\/archive.org\/details\/audio-lucia-de-la-vega-cels-23-05\">Descargar<\/a><\/p>\n\n\n<p><iframe loading=\"lazy\" src=\"https:\/\/archive.org\/embed\/audio-lucia-de-la-vega-cels-23-05\" width=\"500\" height=\"60\" frameborder=\"0\" webkitallowfullscreen=\"true\" mozallowfullscreen=\"true\" allowfullscreen><\/iframe><\/p>","protected":false},"excerpt":{"rendered":"<p>El Centro de Estudios Legales y Sociales (CELS) es una organizaci\u00f3n que trabaja, entre otras cosas, en la promoci\u00f3n y protecci\u00f3n de los Derechos Humanos. En marco de este hist\u00f3rico trabajo y frente al contexto pol\u00edtico, social y econ\u00f3mico, han conformado la mesa intersectorial \u201cLa Cocina de los Cuidados\u201d con representantes de organizaciones sociales y [&hellip;]<\/p>\n","protected":false},"author":1,"featured_media":6477,"comment_status":"open","ping_status":"open","sticky":false,"template":"","format":"standard","meta":{"footnotes":""},"categories":[4],"tags":[],"class_list":["post-6476","post","type-post","status-publish","format-standard","has-post-thumbnail","hentry","category-derechos-humanos"],"_links":{"self":[{"href":"https:\/\/fmtinkunaco.ar\/index.php?rest_route=\/wp\/v2\/posts\/6476","targetHints":{"allow":["GET"]}}],"collection":[{"href":"https:\/\/fmtinkunaco.ar\/index.php?rest_route=\/wp\/v2\/posts"}],"about":[{"href":"https:\/\/fmtinkunaco.ar\/index.php?rest_route=\/wp\/v2\/types\/post"}],"author":[{"embeddable":true,"href":"https:\/\/fmtinkunaco.ar\/index.php?rest_route=\/wp\/v2\/users\/1"}],"replies":[{"embeddable":true,"href":"https:\/\/fmtinkunaco.ar\/index.php?rest_route=%2Fwp%2Fv2%2Fcomments&post=6476"}],"version-history":[{"count":1,"href":"https:\/\/fmtinkunaco.ar\/index.php?rest_route=\/wp\/v2\/posts\/6476\/revisions"}],"predecessor-version":[{"id":6478,"href":"https:\/\/fmtinkunaco.ar\/index.php?rest_route=\/wp\/v2\/posts\/6476\/revisions\/6478"}],"wp:featuredmedia":[{"embeddable":true,"href":"https:\/\/fmtinkunaco.ar\/index.php?rest_route=\/wp\/v2\/media\/6477"}],"wp:attachment":[{"href":"https:\/\/fmtinkunaco.ar\/index.php?rest_route=%2Fwp%2Fv2%2Fmedia&parent=6476"}],"wp:term":[{"taxonomy":"category","embeddable":true,"href":"https:\/\/fmtinkunaco.ar\/index.php?rest_route=%2Fwp%2Fv2%2Fcategories&post=6476"},{"taxonomy":"post_tag","embeddable":true,"href":"https:\/\/fmtinkunaco.ar\/index.php?rest_route=%2Fwp%2Fv2%2Ftags&post=6476"}],"curies":[{"name":"wp","href":"https:\/\/api.w.org\/{rel}","templated":true}]}}