{"id":6490,"date":"2024-05-27T10:24:20","date_gmt":"2024-05-27T13:24:20","guid":{"rendered":"https:\/\/fmtinkunaco.ar\/?p=6490"},"modified":"2024-05-28T09:52:23","modified_gmt":"2024-05-28T12:52:23","slug":"sin-un-plato-de-comida-es-muy-dificil-continuar-centros-comunitarios-paran-la-olla-por-falta-de-becas","status":"publish","type":"post","link":"https:\/\/fmtinkunaco.ar\/?p=6490","title":{"rendered":"\u201cSin un plato de comida, es muy dif\u00edcil continuar\u201d Centros Comunitarios Paran la Olla por Falta de Becas"},"content":{"rendered":"\n<p>Los convenios de Centros Comunitarios de la Red El Encuentro no se est\u00e1n desembolsando, en consecuencia, todos los centros entran en un estado de crisis y con una gran dificultad, o imposibilidad, para mantener el servicio alimentario de miles de infancias.<\/p>\n\n\n\n<p>Al no haber noticias de un pr\u00f3ximo desembolso de las becas del programa PNUD (Programa de las Naciones Unidas para el Desarrollo) centros comunitarios del territorio se ven con la \u00fanica opci\u00f3n de frenar sus actividades por falta de alimentos.<\/p>\n\n\n\n<p>Uno de estos centros afectados es el Centro Comunitario Abriendo las alas, el cual comenz\u00f3 siendo un apoyo escolar con merienda y hoy en d\u00eda trabaja con \u00e1rea maternal, escolar y j\u00f3venes y brindando diferentes tipos de talleres, se ve obligado a cerrar por falta de financiamiento.<\/p>\n\n\n\n<p>Mari Ros Villegas, Coordinadora del Centro Comunitario Abriendo las alas, explicaba \u201c<em>el \u00faltimo desembolso de dinero lo recibimos el 21 de marzo, gestionando y organizando para hacer durar la comida con el tema inflacionario que estamos viviendo. El men\u00fa de los pibes bajo mucho la calidad en la cuesti\u00f3n nutricional pero especulando que el 15 de mayo bajaban los pagos. Al d\u00eda de la fecha no est\u00e1n desembolsando, nos estamos quedando sin alimentos. A partir del lunes dejamos de dar el servicio alimenticio, lo que implica que recibamos chicos que no cenan que no comen en sus casas. Sabemos que la cuesti\u00f3n pedag\u00f3gica o educativa que el espacio brinda no es la misma si el pibe tiene hambre, sin ese plato de comida, es muy dif\u00edcil para muchas familias\u201d.<\/em><\/p>\n\n\n\n<p>En un contexto muy dif\u00edcil para seguir trabajando, y en donde se cuestiona la veracidad de los comedores comunitarios, Villegas comentaba &nbsp;\u201c<em>esto es un movimiento pol\u00edtico por parte de los que est\u00e1n a cargo de un gobierno, de qu\u00e9 van a priorizar con respecto al manejo de los recursos (\u2026) lamentablemente hoy <\/em><em>el sector trabajador y popular no es la prioridad de este gobierno<\/em><em> (\u2026)<\/em> <em>Difundir situaciones de supuesta corrupci\u00f3n,<\/em><em> d<\/em><em>eslegitimizar el trabajo territorial, nosotros estamos desde el a\u00f1o 87\u2019 y junto con otras organizaciones que est\u00e1n el territorio cubriendo baches de un estado que no est\u00e1 pudiendo abordar una <\/em><em>cuesti\u00f3n de los derechos b\u00e1sicos<\/em><em>\u201d. &nbsp;<\/em><\/p>\n\n\n\n<p>En el af\u00e1n del gobierno para culpar de la crisis a la gesti\u00f3n anterior, Villegas responde \u201c<em>Hubo momentos en diferentes gestiones, pero nunca de esta manera. Puedo haber retrasos y diferentes gestiones con m\u00e1s o menos flexibilidad a la hora de recibirnos o a la hora de bajar recursos. Hoy estamos mir\u00e1ndolo como el avasallamiento de los derechos democr\u00e1ticos b\u00e1sicos, creemos que la historia democr\u00e1tica de nuestro pa\u00eds, nunca hubo un gobierno que se lleve puesto tantos derechos\u201d.<\/em><\/p>\n\n\n\n<p>Entrevista completa en el Noticiero Encuentro con las noticias<\/p>\n\n\n<p><iframe loading=\"lazy\" src=\"https:\/\/archive.org\/embed\/entrevista-mari-ro-aa-24-05-24\" width=\"500\" height=\"60\" frameborder=\"0\" webkitallowfullscreen=\"true\" mozallowfullscreen=\"true\" allowfullscreen><\/iframe><\/p>\n\n\n<p><a href=\"https:\/\/archive.org\/details\/entrevista-mari-ro-aa-24-05-24\" data-type=\"link\" data-id=\"https:\/\/archive.org\/details\/entrevista-mari-ro-aa-24-05-24\">Descargar<\/a><\/p>\n","protected":false},"excerpt":{"rendered":"<p>Los convenios de Centros Comunitarios de la Red El Encuentro no se est\u00e1n desembolsando, en consecuencia, todos los centros entran en un estado de crisis y con una gran dificultad, o imposibilidad, para mantener el servicio alimentario de miles de infancias. Al no haber noticias de un pr\u00f3ximo desembolso de las becas del programa PNUD [&hellip;]<\/p>\n","protected":false},"author":1,"featured_media":6491,"comment_status":"open","ping_status":"open","sticky":false,"template":"","format":"standard","meta":{"footnotes":""},"categories":[3,4],"tags":[],"class_list":["post-6490","post","type-post","status-publish","format-standard","has-post-thumbnail","hentry","category-cultura","category-derechos-humanos"],"_links":{"self":[{"href":"https:\/\/fmtinkunaco.ar\/index.php?rest_route=\/wp\/v2\/posts\/6490","targetHints":{"allow":["GET"]}}],"collection":[{"href":"https:\/\/fmtinkunaco.ar\/index.php?rest_route=\/wp\/v2\/posts"}],"about":[{"href":"https:\/\/fmtinkunaco.ar\/index.php?rest_route=\/wp\/v2\/types\/post"}],"author":[{"embeddable":true,"href":"https:\/\/fmtinkunaco.ar\/index.php?rest_route=\/wp\/v2\/users\/1"}],"replies":[{"embeddable":true,"href":"https:\/\/fmtinkunaco.ar\/index.php?rest_route=%2Fwp%2Fv2%2Fcomments&post=6490"}],"version-history":[{"count":4,"href":"https:\/\/fmtinkunaco.ar\/index.php?rest_route=\/wp\/v2\/posts\/6490\/revisions"}],"predecessor-version":[{"id":6501,"href":"https:\/\/fmtinkunaco.ar\/index.php?rest_route=\/wp\/v2\/posts\/6490\/revisions\/6501"}],"wp:featuredmedia":[{"embeddable":true,"href":"https:\/\/fmtinkunaco.ar\/index.php?rest_route=\/wp\/v2\/media\/6491"}],"wp:attachment":[{"href":"https:\/\/fmtinkunaco.ar\/index.php?rest_route=%2Fwp%2Fv2%2Fmedia&parent=6490"}],"wp:term":[{"taxonomy":"category","embeddable":true,"href":"https:\/\/fmtinkunaco.ar\/index.php?rest_route=%2Fwp%2Fv2%2Fcategories&post=6490"},{"taxonomy":"post_tag","embeddable":true,"href":"https:\/\/fmtinkunaco.ar\/index.php?rest_route=%2Fwp%2Fv2%2Ftags&post=6490"}],"curies":[{"name":"wp","href":"https:\/\/api.w.org\/{rel}","templated":true}]}}