{"id":6524,"date":"2024-06-07T09:28:34","date_gmt":"2024-06-07T12:28:34","guid":{"rendered":"https:\/\/fmtinkunaco.ar\/?p=6524"},"modified":"2024-06-07T09:29:19","modified_gmt":"2024-06-07T12:29:19","slug":"docentes-universitarios-en-plan-de-lucha","status":"publish","type":"post","link":"https:\/\/fmtinkunaco.ar\/?p=6524","title":{"rendered":"Docentes universitarios en plan de lucha \u00a0"},"content":{"rendered":"\n<p>El cuerpo docente universitario se encuentra en un estado de crisis presupuestaria y como medida de lucha organizaron un Paro Nacional de 48hs, el martes 4 y el mi\u00e9rcoles 5 de junio.<\/p>\n\n\n\n<p>Una de las organizaciones que se sum\u00f3 al Paro fue ADIUNGS, la Asociaci\u00f3n de Docentes e Investigadores de la Universidad Nacional de General Sarmiento.<\/p>\n\n\n\n<p>Nuria Yabkowski, secretaria adjunta de ADIUNGS, mencionaba como se llev\u00f3 a cabo esta medida en la UNGS <em>\u201cen nuestra universidad tuvo un alt\u00edsimo acatamiento. Es dif\u00edcil precisar los n\u00fameros pero bueno, recorr\u00edas las aulas y no hab\u00eda pr\u00e1cticamente nadie en ninguno de los turnos. (\u2026) Este alto acatamiento estuvo en casi todas las universidades del pa\u00eds donde se hizo paro y adem\u00e1s se hizo muchas actividades de visibilizaci\u00f3n con la comunidad, con clases p\u00fablicas, con chocolatada, volanteadas\u201d.<\/em><\/p>\n\n\n\n<p>Yabkowski, adem\u00e1s, remarc\u00f3 <em>\u201cCreo que el balance es que estamos logrando que la comunidad y la sociedad en general tenga claro que el conflicto universitario no termino de ninguna manera. (\u2026) Nuestro salario est\u00e1 absolutamente retrasado y representa el 90% del presupuesto universitario\u201d.<\/em><\/p>\n\n\n\n<p>Nuria Yabkowski, finalmente hizo referencia al plan de lucha <em>\u201cLo m\u00e1s inmediato que tenemos es un acuerdo bastante generalizado, por lo menos de los docentes, que tiene que ver con o bien la semana que viene hacer otras 48hs de lucha, no digo que todas van a ser paro, lo que pasa es que algunas no pararon y parar\u00edan la pr\u00f3xima \u00a0o de paro la semana pr\u00f3xima pero la semana que viene todav\u00eda, para decirlo mal y pronto el quilombo sigue pero sobre todo porque un acuerdo que tenemos es que nuestro conflicto no es un conflicto aislado de lo que est\u00e1 pasando si no que se encuentra enmarcado en el conflicto general que vive la sociedad argentina que tiene como principal hito m\u00e1s relevantes en el intento de aprobar la ley bases\u201d.<\/em><br><br>En esta l\u00ednea, se remarc\u00f3 que es posible que el conflicto universitario movilice contra la ley bases el d\u00eda de su tratamiento.<br><\/p>\n\n\n\n<p><p><a href=\"https:\/\/archive.org\/details\/entrevista-nuria-yabkowski-6-6-24\">Descargar<\/a><\/p> <iframe loading=\"lazy\" src=\"https:\/\/archive.org\/embed\/entrevista-nuria-yabkowski-6-6-24\" width=\"500\" height=\"60\" frameborder=\"0\" webkitallowfullscreen=\"true\" mozallowfullscreen=\"true\" allowfullscreen=\"\"><\/iframe><\/p>\n\n\n\n<p><br><\/p>\n","protected":false},"excerpt":{"rendered":"<p>El cuerpo docente universitario se encuentra en un estado de crisis presupuestaria y como medida de lucha organizaron un Paro Nacional de 48hs, el martes 4 y el mi\u00e9rcoles 5 de junio. Una de las organizaciones que se sum\u00f3 al Paro fue ADIUNGS, la Asociaci\u00f3n de Docentes e Investigadores de la Universidad Nacional de General [&hellip;]<\/p>\n","protected":false},"author":1,"featured_media":6525,"comment_status":"open","ping_status":"open","sticky":false,"template":"","format":"standard","meta":{"footnotes":""},"categories":[5],"tags":[],"class_list":["post-6524","post","type-post","status-publish","format-standard","has-post-thumbnail","hentry","category-educacion"],"_links":{"self":[{"href":"https:\/\/fmtinkunaco.ar\/index.php?rest_route=\/wp\/v2\/posts\/6524","targetHints":{"allow":["GET"]}}],"collection":[{"href":"https:\/\/fmtinkunaco.ar\/index.php?rest_route=\/wp\/v2\/posts"}],"about":[{"href":"https:\/\/fmtinkunaco.ar\/index.php?rest_route=\/wp\/v2\/types\/post"}],"author":[{"embeddable":true,"href":"https:\/\/fmtinkunaco.ar\/index.php?rest_route=\/wp\/v2\/users\/1"}],"replies":[{"embeddable":true,"href":"https:\/\/fmtinkunaco.ar\/index.php?rest_route=%2Fwp%2Fv2%2Fcomments&post=6524"}],"version-history":[{"count":2,"href":"https:\/\/fmtinkunaco.ar\/index.php?rest_route=\/wp\/v2\/posts\/6524\/revisions"}],"predecessor-version":[{"id":6527,"href":"https:\/\/fmtinkunaco.ar\/index.php?rest_route=\/wp\/v2\/posts\/6524\/revisions\/6527"}],"wp:featuredmedia":[{"embeddable":true,"href":"https:\/\/fmtinkunaco.ar\/index.php?rest_route=\/wp\/v2\/media\/6525"}],"wp:attachment":[{"href":"https:\/\/fmtinkunaco.ar\/index.php?rest_route=%2Fwp%2Fv2%2Fmedia&parent=6524"}],"wp:term":[{"taxonomy":"category","embeddable":true,"href":"https:\/\/fmtinkunaco.ar\/index.php?rest_route=%2Fwp%2Fv2%2Fcategories&post=6524"},{"taxonomy":"post_tag","embeddable":true,"href":"https:\/\/fmtinkunaco.ar\/index.php?rest_route=%2Fwp%2Fv2%2Ftags&post=6524"}],"curies":[{"name":"wp","href":"https:\/\/api.w.org\/{rel}","templated":true}]}}