{"id":6531,"date":"2024-06-10T11:31:24","date_gmt":"2024-06-10T14:31:24","guid":{"rendered":"https:\/\/fmtinkunaco.ar\/?p=6531"},"modified":"2024-06-10T11:31:24","modified_gmt":"2024-06-10T14:31:24","slug":"fue-un-transfemicidio-nueva-marcha-en-pedido-de-justicia-por-sofia-fernandez","status":"publish","type":"post","link":"https:\/\/fmtinkunaco.ar\/?p=6531","title":{"rendered":"\u201cFue un Transfemicidio\u201d Nueva Marcha en pedido de Justicia por Sof\u00eda Fern\u00e1ndez"},"content":{"rendered":"\n<p>Familiares y cercanos de Sof\u00eda Fern\u00e1ndez convocan a una nueva movilizaci\u00f3n en rechazo a la liberaci\u00f3n de 9 polic\u00edas detenidos e involucrados en el caso. La marcha se realizar\u00e1 hoy lunes 10\/6 a las 11hs Ruta 25 y Panamericana hasta el Juzgado de Garant\u00edas&nbsp;N\u00b07, ubicado en Colectora Oeste Panamericana, 1475.<\/p>\n\n\n\n<p>El juzgado decidi\u00f3 que de los 10 efectivos detenidos, solo uno quedara se\u00f1alado por el crimen mientras el resto cumple con el pedido de libertad. Cabe mencionar que la mitad de ellos, los cuales fueron imputados por del asesinato calificado por odio a la identidad de g\u00e9nero, ya contaban con prisi\u00f3n domiciliaria d\u00edas previos a la medida del magistrado.<\/p>\n\n\n\n<p>Marta Campos, referente por los Derechos Humanos y los derechos LGTB+, comentaba sobre la medida del juzgado \u201c<em>y<\/em><em>o creo que ning\u00fan juez puede desestimar una autopsia en donde hay signos de abuso, de violencia, de tortura (\u2026) en primera instancia, ten\u00e9s 10 polic\u00edas detenidos que fueron involucrados en la causa, que est\u00e1n siendo investigados, no puede ser que en menos de un mes la investigaci\u00f3n haya cerrado y vos tenes 10 polic\u00edas libres. Cuando a nosotras las travas, si nos pasa algo, nos llevan detenidas, tenemos que esperar un mes, dos meses para ver qu\u00e9 hacen con nuestros cuerpos\u201d.<\/em><\/p>\n\n\n\n<p>Sobre el repudio por el crimen y el accionar del Juzgado, marta mencionaba \u201c<em>l<\/em><em>a violencia machista y patriarcal que estamos atravesando en pilar es espantosa<\/em> (&#8230;) <em>Es esa polic\u00eda corrupta que est\u00e1 libre en las calles la que nos est\u00e1 arruinando dentro de los barrios, la que te arrebata la vida como se la arrebataron a la compa\u00f1era. E<\/em><em>l juez desestimo el odio por la identidad de g\u00e9nero, cuando la compa\u00f1era estuvo detenida por ser trava, porque no la llevaron por otra cosa (\u2026) Como una piba de 38 a\u00f1os va a hacer un robo escalonado, hay un mont\u00f3n de interrogantes en la causa de Sof\u00eda, hay un mont\u00f3n de cosas que no cierran. La realidad es que fue un transfemicidio\u201d<\/em><\/p>\n\n\n\n<p>En adici\u00f3n a esto, Campos contaba m\u00e1s sobre el caso de Sof\u00eda \u201c<em>u<\/em><em>na compa\u00f1era que ten\u00eda un futuro brillante, se estaba formando, se estaba capacitando, era docente. Luchamos tantos y tantos a\u00f1os para obtener derechos y leyes que nos acompa\u00f1en y nos den una vida m\u00e1s digna y no puede ser que la polic\u00eda venga y te la arrebate\u201d.<\/em><\/p>\n\n\n\n<p>Finalizando la entrevista Campos reclama Justicia por el Crimen de Sof\u00eda Fern\u00e1ndez y lo remarca como una violaci\u00f3n a los Derechos Humanos.<\/p>\n\n\n<div class=\"wp-block-image\">\n<figure class=\"aligncenter size-large is-resized\"><img loading=\"lazy\" decoding=\"async\" width=\"819\" height=\"1024\" src=\"https:\/\/fmtinkunaco.ar\/wp-content\/uploads\/2024\/06\/447958534_812271461007505_4273718401854262333_n-819x1024.jpeg\" alt=\"\" class=\"wp-image-6533\" style=\"aspect-ratio:0.7998046875;width:497px;height:auto\" srcset=\"https:\/\/fmtinkunaco.ar\/wp-content\/uploads\/2024\/06\/447958534_812271461007505_4273718401854262333_n-819x1024.jpeg 819w, https:\/\/fmtinkunaco.ar\/wp-content\/uploads\/2024\/06\/447958534_812271461007505_4273718401854262333_n-240x300.jpeg 240w, https:\/\/fmtinkunaco.ar\/wp-content\/uploads\/2024\/06\/447958534_812271461007505_4273718401854262333_n-768x960.jpeg 768w, https:\/\/fmtinkunaco.ar\/wp-content\/uploads\/2024\/06\/447958534_812271461007505_4273718401854262333_n.jpeg 1080w\" sizes=\"auto, (max-width: 819px) 100vw, 819px\" \/><\/figure>\n<\/div>\n\n\n<p>Entrevista realizada en el Noticiero Encuentro con las noticias<\/p>\n\n\n<p><iframe loading=\"lazy\" src=\"https:\/\/archive.org\/embed\/entrevista-marta-campos-10-06-24\" width=\"500\" height=\"60\" frameborder=\"0\" webkitallowfullscreen=\"true\" mozallowfullscreen=\"true\" allowfullscreen><\/iframe><\/p>\n\n\n<p><a href=\"https:\/\/archive.org\/details\/entrevista-marta-campos-10-06-24\" data-type=\"link\" data-id=\"https:\/\/archive.org\/details\/entrevista-marta-campos-10-06-24\">Descargar<\/a><\/p>\n","protected":false},"excerpt":{"rendered":"<p>Familiares y cercanos de Sof\u00eda Fern\u00e1ndez convocan a una nueva movilizaci\u00f3n en rechazo a la liberaci\u00f3n de 9 polic\u00edas detenidos e involucrados en el caso. La marcha se realizar\u00e1 hoy lunes 10\/6 a las 11hs Ruta 25 y Panamericana hasta el Juzgado de Garant\u00edas&nbsp;N\u00b07, ubicado en Colectora Oeste Panamericana, 1475. El juzgado decidi\u00f3 que de [&hellip;]<\/p>\n","protected":false},"author":1,"featured_media":6532,"comment_status":"open","ping_status":"open","sticky":false,"template":"","format":"standard","meta":{"footnotes":""},"categories":[1],"tags":[],"class_list":["post-6531","post","type-post","status-publish","format-standard","has-post-thumbnail","hentry","category-blog"],"_links":{"self":[{"href":"https:\/\/fmtinkunaco.ar\/index.php?rest_route=\/wp\/v2\/posts\/6531","targetHints":{"allow":["GET"]}}],"collection":[{"href":"https:\/\/fmtinkunaco.ar\/index.php?rest_route=\/wp\/v2\/posts"}],"about":[{"href":"https:\/\/fmtinkunaco.ar\/index.php?rest_route=\/wp\/v2\/types\/post"}],"author":[{"embeddable":true,"href":"https:\/\/fmtinkunaco.ar\/index.php?rest_route=\/wp\/v2\/users\/1"}],"replies":[{"embeddable":true,"href":"https:\/\/fmtinkunaco.ar\/index.php?rest_route=%2Fwp%2Fv2%2Fcomments&post=6531"}],"version-history":[{"count":1,"href":"https:\/\/fmtinkunaco.ar\/index.php?rest_route=\/wp\/v2\/posts\/6531\/revisions"}],"predecessor-version":[{"id":6534,"href":"https:\/\/fmtinkunaco.ar\/index.php?rest_route=\/wp\/v2\/posts\/6531\/revisions\/6534"}],"wp:featuredmedia":[{"embeddable":true,"href":"https:\/\/fmtinkunaco.ar\/index.php?rest_route=\/wp\/v2\/media\/6532"}],"wp:attachment":[{"href":"https:\/\/fmtinkunaco.ar\/index.php?rest_route=%2Fwp%2Fv2%2Fmedia&parent=6531"}],"wp:term":[{"taxonomy":"category","embeddable":true,"href":"https:\/\/fmtinkunaco.ar\/index.php?rest_route=%2Fwp%2Fv2%2Fcategories&post=6531"},{"taxonomy":"post_tag","embeddable":true,"href":"https:\/\/fmtinkunaco.ar\/index.php?rest_route=%2Fwp%2Fv2%2Ftags&post=6531"}],"curies":[{"name":"wp","href":"https:\/\/api.w.org\/{rel}","templated":true}]}}