{"id":6546,"date":"2024-06-13T11:10:30","date_gmt":"2024-06-13T14:10:30","guid":{"rendered":"https:\/\/fmtinkunaco.ar\/?p=6546"},"modified":"2024-06-13T11:10:30","modified_gmt":"2024-06-13T14:10:30","slug":"refugio-de-animales-los-luceritos-convoca-a-voluntariado","status":"publish","type":"post","link":"https:\/\/fmtinkunaco.ar\/?p=6546","title":{"rendered":"Refugio de animales \u201cLos Luceritos\u201d convoca a voluntariado"},"content":{"rendered":"\n<p>Los Luceritos es una asociaci\u00f3n civil sin fines de lucro cuyo trabajo se trata en ayudar, transitar, medicar, alimentar y cuidar animales rescatados. Se ubican en la Localidad de Derqui (Pilar) y est\u00e1n en b\u00fasqueda voluntarixs para ayudar con las actividades del espacio y, adem\u00e1s, donaciones para ayudar a continuar y sostener el cuidado animal.<\/p>\n\n\n\n<p>Lucia Kloster, referente del refugio \u201cLos Luceritos\u201d, contaba m\u00e1s sobre la asociaci\u00f3n \u201cen primer lugar, inicio con Juan Lucero, que fue el fundador de los Luceritos. El falleci\u00f3 hace unas semanas a los 69 a\u00f1os y el inicio con lo que es el espacio. \u00c9l viv\u00eda en el campito done inicio los caniles y empez\u00f3 con sus rescatados y despu\u00e9s nos fuimos sumando diferentes personas a ayudarlo. En septiembre del a\u00f1o pasado conseguimos la acreditaci\u00f3n de Asociaci\u00f3n Civil y Juan Lucero no est\u00e1 con nosotros pero seguimos adelante con todo su proyecto y con el refugio, en este momento tenemos 47 perritos y lo que m\u00e1s necesitamos es el voluntariado\u201d.<\/p>\n\n\n\n<p>Lucia, tambi\u00e9n mencion\u00f3 los horarios del refugio \u201cvamos a la ma\u00f1ana y a la tarde, a la ma\u00f1ana se realiza toda la limpieza, es levantar las heces de los perritos, limpiar los potes de agua, revisarlos para ver se\u00f1ales de pulgas, garrapatas, heridas. Despu\u00e9s a la tarde volver, darles la comida para que descansen tranquilos con la panza llena\u201d.<\/p>\n\n\n\n<p>En el espacio de refugio son alrededor de 9 personas en la administraci\u00f3n o direcci\u00f3n y 7 voluntarios fijos, buscan voluntarios que puedan comprometerse a largo plazo y con la causa.<\/p>\n\n\n\n<p>Otra forma de ayudar es apadrinar a cada uno de los perros y poder brindar un acompa\u00f1amiento m\u00e1s individual, hacerse cargo de temas como alimentaci\u00f3n, medicaci\u00f3n, adopci\u00f3n y seguimientos.<\/p>\n\n\n\n<p>En esa l\u00ednea, tambi\u00e9n se puede participar haci\u00e9ndose Socio de la Asociaci\u00f3n contribuyendo con una cuota fija mensual como ayuda econ\u00f3mica, as\u00ed como tambi\u00e9n ofreci\u00e9ndose a realizar traslados a la veterinaria.<\/p>\n\n\n\n<p>Para comunicarse con el refugio y ayudar, pueden contactarlos en su Instagram a <a href=\"https:\/\/www.instagram.com\/losluceritosptederqui\/\" data-type=\"link\" data-id=\"https:\/\/www.instagram.com\/losluceritosptederqui\/\">@Luceritosptederqui <\/a>por mensaje directo.<\/p>\n\n\n<div class=\"wp-block-image\">\n<figure class=\"aligncenter size-large\"><img loading=\"lazy\" decoding=\"async\" width=\"723\" height=\"1024\" src=\"https:\/\/fmtinkunaco.ar\/wp-content\/uploads\/2024\/06\/447886230_923762803128376_4076576383538497229_n-723x1024.jpg\" alt=\"\" class=\"wp-image-6548\" srcset=\"https:\/\/fmtinkunaco.ar\/wp-content\/uploads\/2024\/06\/447886230_923762803128376_4076576383538497229_n-723x1024.jpg 723w, https:\/\/fmtinkunaco.ar\/wp-content\/uploads\/2024\/06\/447886230_923762803128376_4076576383538497229_n-212x300.jpg 212w, https:\/\/fmtinkunaco.ar\/wp-content\/uploads\/2024\/06\/447886230_923762803128376_4076576383538497229_n.jpg 761w\" sizes=\"auto, (max-width: 723px) 100vw, 723px\" \/><\/figure>\n<\/div>\n\n\n<p>Entrevista completa en el Noticiero Encuentro con las noticias<\/p>\n\n\n<p><iframe loading=\"lazy\" src=\"https:\/\/archive.org\/embed\/entrevista-lucia-kloster-los-luceritos-13-06-24\" width=\"500\" height=\"60\" frameborder=\"0\" webkitallowfullscreen=\"true\" mozallowfullscreen=\"true\" allowfullscreen><\/iframe><\/p>\n\n\n<p><a href=\"https:\/\/archive.org\/details\/entrevista-lucia-kloster-los-luceritos-13-06-24\" data-type=\"link\" data-id=\"https:\/\/archive.org\/details\/entrevista-lucia-kloster-los-luceritos-13-06-24\">Descargar<\/a><\/p>\n","protected":false},"excerpt":{"rendered":"<p>Los Luceritos es una asociaci\u00f3n civil sin fines de lucro cuyo trabajo se trata en ayudar, transitar, medicar, alimentar y cuidar animales rescatados. Se ubican en la Localidad de Derqui (Pilar) y est\u00e1n en b\u00fasqueda voluntarixs para ayudar con las actividades del espacio y, adem\u00e1s, donaciones para ayudar a continuar y sostener el cuidado animal. [&hellip;]<\/p>\n","protected":false},"author":1,"featured_media":6547,"comment_status":"open","ping_status":"open","sticky":false,"template":"","format":"standard","meta":{"footnotes":""},"categories":[1],"tags":[],"class_list":["post-6546","post","type-post","status-publish","format-standard","has-post-thumbnail","hentry","category-blog"],"_links":{"self":[{"href":"https:\/\/fmtinkunaco.ar\/index.php?rest_route=\/wp\/v2\/posts\/6546","targetHints":{"allow":["GET"]}}],"collection":[{"href":"https:\/\/fmtinkunaco.ar\/index.php?rest_route=\/wp\/v2\/posts"}],"about":[{"href":"https:\/\/fmtinkunaco.ar\/index.php?rest_route=\/wp\/v2\/types\/post"}],"author":[{"embeddable":true,"href":"https:\/\/fmtinkunaco.ar\/index.php?rest_route=\/wp\/v2\/users\/1"}],"replies":[{"embeddable":true,"href":"https:\/\/fmtinkunaco.ar\/index.php?rest_route=%2Fwp%2Fv2%2Fcomments&post=6546"}],"version-history":[{"count":1,"href":"https:\/\/fmtinkunaco.ar\/index.php?rest_route=\/wp\/v2\/posts\/6546\/revisions"}],"predecessor-version":[{"id":6549,"href":"https:\/\/fmtinkunaco.ar\/index.php?rest_route=\/wp\/v2\/posts\/6546\/revisions\/6549"}],"wp:featuredmedia":[{"embeddable":true,"href":"https:\/\/fmtinkunaco.ar\/index.php?rest_route=\/wp\/v2\/media\/6547"}],"wp:attachment":[{"href":"https:\/\/fmtinkunaco.ar\/index.php?rest_route=%2Fwp%2Fv2%2Fmedia&parent=6546"}],"wp:term":[{"taxonomy":"category","embeddable":true,"href":"https:\/\/fmtinkunaco.ar\/index.php?rest_route=%2Fwp%2Fv2%2Fcategories&post=6546"},{"taxonomy":"post_tag","embeddable":true,"href":"https:\/\/fmtinkunaco.ar\/index.php?rest_route=%2Fwp%2Fv2%2Ftags&post=6546"}],"curies":[{"name":"wp","href":"https:\/\/api.w.org\/{rel}","templated":true}]}}