{"id":6565,"date":"2024-06-26T10:35:24","date_gmt":"2024-06-26T13:35:24","guid":{"rendered":"https:\/\/fmtinkunaco.ar\/?p=6565"},"modified":"2024-06-26T10:35:24","modified_gmt":"2024-06-26T13:35:24","slug":"ley-bases-sasha-lyardet-nos-estaban-esperando-para-salir-a-cazarnos","status":"publish","type":"post","link":"https:\/\/fmtinkunaco.ar\/?p=6565","title":{"rendered":"Ley Bases. Sasha Lyardet: \u201cNos estaban esperando para salir a cazarnos\u201d"},"content":{"rendered":"\n<p>En el marco de la \u00faltima concentraci\u00f3n y movilizaci\u00f3n en contra de la Ley Bases, en Congreso, fueron 33 los detenidos y detenidas luego de una violenta represi\u00f3n policial.<br><br>Actualmente, y luego de casi 15 d\u00edas, son 5 las personas que contin\u00faan detenidas.<br><br>Sasha Lyardet, es estudiante de la UNSAM, integra la asamblea vecinal de San Mart\u00edn, es militante del MST en el FIT Unidad y es una de las j\u00f3venes detenidas arbitrariamente luego de la represi\u00f3n policial y en di\u00e1logo con la FM Tinkunaco, describi\u00f3 la movilizaci\u00f3n de ese d\u00eda <em>\u201cYo ese d\u00eda fui con mi asamblea vecinal en donde hab\u00eda docentes, estudiantes, jubilados, comerciantes, vecinos y vecinas de la zona que nos hab\u00edamos movilizado porque cre\u00edamos que la Ley de Bases era un atropello a los derechos democr\u00e1ticos muy muy grande entonces en ese sentido nos parec\u00eda muy importante poder movilizarnos\u201d.<br><\/em><br>Lyardet, adem\u00e1s, describi\u00f3 el modo en que la represi\u00f3n desencaden\u00f3 en las detenciones <em>\u201cCon la asamblea cuando el clima se empez\u00f3 a poner raro, ya hab\u00edan empezado la represi\u00f3n, empezamos a caminar por Avenida de Mayo para el lado de 9 de julio junto a las otras asambleas de la Capital, del Conurbano, de la Zona Sur, de la Zona Oeste y cuando llegamos a Avenida de Mayo y 9 de julio, que ah\u00ed las asambleas de la zona norte nos \u00edbamos a ir para el lado del Obelisco o esa era la idea para poder tomar el subte nos encontramos con unos 50, 60 motos de la polic\u00eda de la Ciudad que nos estaban esperando para salir a cazarnos, as\u00ed que en ese momento tuvimos &nbsp;que empezar a correr, corrimos como para el lado de Constituci\u00f3n y ah\u00ed me detienen en M\u00e9xico y Lima\u201d.<\/em><br><br>Sasha permaneci\u00f3 detenida desde el mi\u00e9rcoles 13 de junio hasta el martes 18 de junio por la noche, luego del incansable pedido de libertas para todas las detenidas y los detenidos por parte de Organismos de Derechos Humanos, partidos pol\u00edticos, movimientos sociales y la comunidad.<br><br>Lyardet, detall\u00f3 el maltrato sufrido durante su detenci\u00f3n <em>\u201cA nosotras nos tuvieron 36 hs esposadas, nos pasearon por toda la Capital Federal, nos tuvieron toda una noche arriba de un m\u00f3vil policial, en un momento el m\u00f3vil policial se rompi\u00f3 y el m\u00f3vil largaba agua, largaba humo y con la posibilidad que eso estalle porque nadie sab\u00eda lo que estaba pasando y no nos dejaban bajarnos y nos ten\u00edan esposadas en los asientos. La diferencia que tuvimos con los compa\u00f1eros es que la tortura que hicieron sobre nosotros fue una tortura ps\u00edquica, intentar quebrarte, poner en duda tu inocencia, poner en duda que est\u00e9s diciendo la verdad, de amenazarte con pasarte con presos comunes, de hacer que te la piqueteen las presas comunes. (\u2026) Lo que si puede ser maltrato f\u00edsico es que por estar 36 horas esposada yo tengo una quebradura del segundo y tercer metatarso del pie derecho y que nuestra comida llegaba, constantemente, llena de cucarachas\u201d. &nbsp;&nbsp;&nbsp;<\/em><\/p>\n\n\n\n<p>Sasha se encuentra entre los \u00faltimos 11 liberados, de la prisi\u00f3n de m\u00e1xima seguridad, por falta de m\u00e9rito pero la causa en la que se la adjudican delitos como, supuestamente, <strong>\u201calterar el orden p\u00fablico, da\u00f1os y disturbios, incendios, intentar para el funcionamiento legislativo de la C\u00e1mara Alta del Congreso de la Naci\u00f3n\u201d continua abierta pero la joven va por su sobreseimiento.<\/strong><br><br>Son 5 las personas que a\u00fan se encuentran detenidas: David Sica, Facundo G\u00f3mez, Mar\u00eda Roberto de la Cruz G\u00f3mez, Cristian Fernando Valiente y Patricia Daniela&nbsp;Calarco Arredondo y Organismos de Derechos Humanos contin\u00faan exigiendo su libertad.<\/p>\n\n\n\n<p>Compartimos la entrevista completa<\/p>\n\n\n\n<p><a href=\"https:\/\/archive.org\/details\/audio-sasha-lyardet-25-06-24.\">Descargar<\/a><\/p>\n\n\n<p><iframe loading=\"lazy\" src=\"https:\/\/archive.org\/embed\/audio-sasha-lyardet-25-06-24\" width=\"500\" height=\"60\" frameborder=\"0\" webkitallowfullscreen=\"true\" mozallowfullscreen=\"true\" allowfullscreen><\/iframe><\/p>","protected":false},"excerpt":{"rendered":"<p>En el marco de la \u00faltima concentraci\u00f3n y movilizaci\u00f3n en contra de la Ley Bases, en Congreso, fueron 33 los detenidos y detenidas luego de una violenta represi\u00f3n policial. Actualmente, y luego de casi 15 d\u00edas, son 5 las personas que contin\u00faan detenidas. Sasha Lyardet, es estudiante de la UNSAM, integra la asamblea vecinal de [&hellip;]<\/p>\n","protected":false},"author":1,"featured_media":6566,"comment_status":"open","ping_status":"open","sticky":false,"template":"","format":"standard","meta":{"footnotes":""},"categories":[4],"tags":[],"class_list":["post-6565","post","type-post","status-publish","format-standard","has-post-thumbnail","hentry","category-derechos-humanos"],"_links":{"self":[{"href":"https:\/\/fmtinkunaco.ar\/index.php?rest_route=\/wp\/v2\/posts\/6565","targetHints":{"allow":["GET"]}}],"collection":[{"href":"https:\/\/fmtinkunaco.ar\/index.php?rest_route=\/wp\/v2\/posts"}],"about":[{"href":"https:\/\/fmtinkunaco.ar\/index.php?rest_route=\/wp\/v2\/types\/post"}],"author":[{"embeddable":true,"href":"https:\/\/fmtinkunaco.ar\/index.php?rest_route=\/wp\/v2\/users\/1"}],"replies":[{"embeddable":true,"href":"https:\/\/fmtinkunaco.ar\/index.php?rest_route=%2Fwp%2Fv2%2Fcomments&post=6565"}],"version-history":[{"count":1,"href":"https:\/\/fmtinkunaco.ar\/index.php?rest_route=\/wp\/v2\/posts\/6565\/revisions"}],"predecessor-version":[{"id":6567,"href":"https:\/\/fmtinkunaco.ar\/index.php?rest_route=\/wp\/v2\/posts\/6565\/revisions\/6567"}],"wp:featuredmedia":[{"embeddable":true,"href":"https:\/\/fmtinkunaco.ar\/index.php?rest_route=\/wp\/v2\/media\/6566"}],"wp:attachment":[{"href":"https:\/\/fmtinkunaco.ar\/index.php?rest_route=%2Fwp%2Fv2%2Fmedia&parent=6565"}],"wp:term":[{"taxonomy":"category","embeddable":true,"href":"https:\/\/fmtinkunaco.ar\/index.php?rest_route=%2Fwp%2Fv2%2Fcategories&post=6565"},{"taxonomy":"post_tag","embeddable":true,"href":"https:\/\/fmtinkunaco.ar\/index.php?rest_route=%2Fwp%2Fv2%2Ftags&post=6565"}],"curies":[{"name":"wp","href":"https:\/\/api.w.org\/{rel}","templated":true}]}}