{"id":6572,"date":"2024-06-27T11:27:24","date_gmt":"2024-06-27T14:27:24","guid":{"rendered":"https:\/\/fmtinkunaco.ar\/?p=6572"},"modified":"2024-06-27T11:27:24","modified_gmt":"2024-06-27T14:27:24","slug":"trabajadores-de-la-agencia-nacional-de-discapacidad-en-lucha","status":"publish","type":"post","link":"https:\/\/fmtinkunaco.ar\/?p=6572","title":{"rendered":"Trabajadores de la Agencia Nacional de Discapacidad en Lucha"},"content":{"rendered":"\n<p>Trabajadores despedidos autoconvocades de la Agencia Nacional de Discapacidad (ANDIS) invitan a una radio abierta el viernes 28 de junio a las 15h en Yrigoyen 1447, CABA. Denuncian despidos arbitrarios y reclaman la reincorporaci\u00f3n de sus trabajos y tareas. &nbsp;<\/p>\n\n\n\n<p>Maive Cardone Fernandez, trabajadora despedida de ANDIS, contaba m\u00e1s acerca de la agencia \u201c<em>es el organismo rector en materia de discapacidad a nivel nacional y se encarga de generar y ejecutar todas las pol\u00edticas p\u00fablicas en torno a esta tem\u00e1tica, y tambi\u00e9n en tratar de instalar esa tem\u00e1tica en los otros espacios de gobierno, sean los otros organismos p\u00fablicos y nacionales (\u2026) todo esto en articulaci\u00f3n con la ciudadan\u00eda en general, con las organizaciones de la sociedad civil, incluso con las empresas y los privados. Dicho esto, desde que asumi\u00f3 Milei, la agencia nunca fue una prioridad, m\u00e1s bien, bastante lo contrario\u201d.<\/em><\/p>\n\n\n\n<p>Con respecto a la situaci\u00f3n de los trabajadores, Fernandez mencionaba <em>\u201chan despedido ya un cuarto del organismo y han dejado sin representante del organismo a un mont\u00f3n de provincias (\u2026) flexibilizan nuestras condiciones laborales y nos ponen a la merced de que hagan estas cosas. A los que ya hemos sido despedidos no nos han indemnizados, yo tengo a\u00f1os de antig\u00fcedad pero tengo compa\u00f1eros que tienen 28 a\u00f1os de antig\u00fcedad y no podemos acceder a un seguro de desempleo\u201d.<\/em><\/p>\n\n\n\n<p>En esa l\u00ednea, Fernandez tambi\u00e9n comenta el rol del Estado ante la situaci\u00f3n \u201c<em>Es muy triste porque el estado se est\u00e1 retirando de sus obligaciones y no est\u00e1 generando pol\u00edticas p\u00fablicas y las pol\u00edticas que est\u00e1 generando son justamente de desguace y en decremento de la ciudadan\u00eda <\/em>(\u2026) <em>Lo que est\u00e1 ocurriendo es inadmisible, va en contra de toda la legislaci\u00f3n nacional y de los acuerdos internacionales a los que se ha comprometido en el pa\u00eds\u201d.<\/em><\/p>\n\n\n<div class=\"wp-block-image\">\n<figure class=\"aligncenter size-large is-resized\"><img loading=\"lazy\" decoding=\"async\" width=\"1024\" height=\"1024\" src=\"https:\/\/fmtinkunaco.ar\/wp-content\/uploads\/2024\/06\/WhatsApp-Image-2024-06-27-at-09.14.21-1-1024x1024.jpeg\" alt=\"\" class=\"wp-image-6575\" style=\"aspect-ratio:1;width:628px;height:auto\" srcset=\"https:\/\/fmtinkunaco.ar\/wp-content\/uploads\/2024\/06\/WhatsApp-Image-2024-06-27-at-09.14.21-1-1024x1024.jpeg 1024w, https:\/\/fmtinkunaco.ar\/wp-content\/uploads\/2024\/06\/WhatsApp-Image-2024-06-27-at-09.14.21-1-300x300.jpeg 300w, https:\/\/fmtinkunaco.ar\/wp-content\/uploads\/2024\/06\/WhatsApp-Image-2024-06-27-at-09.14.21-1-150x150.jpeg 150w, https:\/\/fmtinkunaco.ar\/wp-content\/uploads\/2024\/06\/WhatsApp-Image-2024-06-27-at-09.14.21-1-768x768.jpeg 768w, https:\/\/fmtinkunaco.ar\/wp-content\/uploads\/2024\/06\/WhatsApp-Image-2024-06-27-at-09.14.21-1.jpeg 1080w\" sizes=\"auto, (max-width: 1024px) 100vw, 1024px\" \/><\/figure>\n<\/div>\n\n\n<p>Entrevista Completa en el Noticiero<\/p>\n\n\n<p><iframe loading=\"lazy\" src=\"https:\/\/archive.org\/embed\/entrevista-maive-fernandez-27-06-24\" width=\"500\" height=\"60\" frameborder=\"0\" webkitallowfullscreen=\"true\" mozallowfullscreen=\"true\" allowfullscreen><\/iframe><\/p>\n\n\n<p><a href=\"https:\/\/archive.org\/details\/entrevista-maive-fernandez-27-06-24\" data-type=\"link\" data-id=\"https:\/\/archive.org\/details\/entrevista-maive-fernandez-27-06-24\">Descargar<\/a><\/p>\n","protected":false},"excerpt":{"rendered":"<p>Trabajadores despedidos autoconvocades de la Agencia Nacional de Discapacidad (ANDIS) invitan a una radio abierta el viernes 28 de junio a las 15h en Yrigoyen 1447, CABA. Denuncian despidos arbitrarios y reclaman la reincorporaci\u00f3n de sus trabajos y tareas. &nbsp; Maive Cardone Fernandez, trabajadora despedida de ANDIS, contaba m\u00e1s acerca de la agencia \u201ces el [&hellip;]<\/p>\n","protected":false},"author":1,"featured_media":6574,"comment_status":"open","ping_status":"open","sticky":false,"template":"","format":"standard","meta":{"footnotes":""},"categories":[1],"tags":[],"class_list":["post-6572","post","type-post","status-publish","format-standard","has-post-thumbnail","hentry","category-blog"],"_links":{"self":[{"href":"https:\/\/fmtinkunaco.ar\/index.php?rest_route=\/wp\/v2\/posts\/6572","targetHints":{"allow":["GET"]}}],"collection":[{"href":"https:\/\/fmtinkunaco.ar\/index.php?rest_route=\/wp\/v2\/posts"}],"about":[{"href":"https:\/\/fmtinkunaco.ar\/index.php?rest_route=\/wp\/v2\/types\/post"}],"author":[{"embeddable":true,"href":"https:\/\/fmtinkunaco.ar\/index.php?rest_route=\/wp\/v2\/users\/1"}],"replies":[{"embeddable":true,"href":"https:\/\/fmtinkunaco.ar\/index.php?rest_route=%2Fwp%2Fv2%2Fcomments&post=6572"}],"version-history":[{"count":1,"href":"https:\/\/fmtinkunaco.ar\/index.php?rest_route=\/wp\/v2\/posts\/6572\/revisions"}],"predecessor-version":[{"id":6576,"href":"https:\/\/fmtinkunaco.ar\/index.php?rest_route=\/wp\/v2\/posts\/6572\/revisions\/6576"}],"wp:featuredmedia":[{"embeddable":true,"href":"https:\/\/fmtinkunaco.ar\/index.php?rest_route=\/wp\/v2\/media\/6574"}],"wp:attachment":[{"href":"https:\/\/fmtinkunaco.ar\/index.php?rest_route=%2Fwp%2Fv2%2Fmedia&parent=6572"}],"wp:term":[{"taxonomy":"category","embeddable":true,"href":"https:\/\/fmtinkunaco.ar\/index.php?rest_route=%2Fwp%2Fv2%2Fcategories&post=6572"},{"taxonomy":"post_tag","embeddable":true,"href":"https:\/\/fmtinkunaco.ar\/index.php?rest_route=%2Fwp%2Fv2%2Ftags&post=6572"}],"curies":[{"name":"wp","href":"https:\/\/api.w.org\/{rel}","templated":true}]}}