{"id":6577,"date":"2024-06-28T11:45:07","date_gmt":"2024-06-28T14:45:07","guid":{"rendered":"https:\/\/fmtinkunaco.ar\/?p=6577"},"modified":"2024-06-28T11:45:09","modified_gmt":"2024-06-28T14:45:09","slug":"personal-trans-despedidos-de-andis-reclaman-reincorporacion","status":"publish","type":"post","link":"https:\/\/fmtinkunaco.ar\/?p=6577","title":{"rendered":"Personal Trans despedidos de ANDIS reclaman reincorporaci\u00f3n"},"content":{"rendered":"\n<p>Trabajadores trans despedidos de la Agencia Nacional de Discapacidad denuncian despidos ilegales y discriminatorios a la vez que exigen la reincorporaci\u00f3n inmediata del personal trans.<\/p>\n\n\n\n<p>Fernando Rodr\u00edguez Benavidez, trabajador trans despedido de ANDIS, en comunicaci\u00f3n con Fm Tinkunaco, comentaba la situaci\u00f3n \u201c<em>Somos 100 los despedidos por cupo laboral trans en todas las reparticiones de la administraci\u00f3n p\u00fablica nacional. Hablamos de despidos ilegales porque est\u00e1bamos todos contratados por la Ley 27.636 que es la promoci\u00f3n del acceso al empleo formal para personas travestis, transexuales y transg\u00e9neros. Y tambi\u00e9n porque existe un decreto 84\/2023 que es de la administraci\u00f3n actual de Milei que proh\u00edbe despidos o la baja de los contratos de personal que este contratado por cupos, ya sea por discapacidad o trans\u201d.<\/em><\/p>\n\n\n\n<p>Fernandez tambi\u00e9n mencionaba el car\u00e1cter discriminatorio de estas medidas \u201c<em>tiene que ver con el prejuicio social que hay contra las identidades trans y quiz\u00e1s tal vez muchos m\u00e1s con respecto a los varones trans porque somos tan invisibilizados, incluso por el colectivo LGBT. El cupo laboral trans adem\u00e1s de ser una pol\u00edtica que venimos luchando desde el a\u00f1o 2013 y que ha costado mucho, tiene que ver con que esos espacios que se nos dio, esos derechos que hemos luchados, est\u00e1n mal vistos por muchos sectores de la administraci\u00f3n p\u00fablica. Porque lamentablemente se sostiene desde ciertos sectores m\u00e1s conservadores, que se nos regalan cosas y que tiene que ver con este estigma. La poblaci\u00f3n trans tenemos derechos desde el a\u00f1o 2012 reci\u00e9n, pero ya no podemos acceder a nuestra identidad a nuestro reconocimiento. Y parte de nuestros derechos fundamentales como cualquier ciudadano, como es el acceso al trabajo, hemos estados relegados en gran parte de nuestra vida\u201d.<\/em><\/p>\n\n\n\n<p>Siguiendo con esto, Fernando Rodr\u00edguez tambi\u00e9n explicaba \u201c<em>El prejuicio y la estigmatizaci\u00f3n social tiene que ver con poner en tela de juicio nuestra capacidad, nosotros hemos luchado tanto por tantas cosas (\u2026) quiz\u00e1s nos esforzamos el doble o el triple que cualquier persona y cuando tenemos la oportunidad, que se nos de la chance de poder aportar socialmente (\u2026) a nosotros se nos hace realmente muy dif\u00edcil incluso algo tan simple como ir&nbsp; a un control m\u00e9dico\u201d.<\/em><\/p>\n\n\n\n<p>Asimismo, Fernandez a\u00f1ad\u00eda que no solo se habla de ilegalidad y discriminaci\u00f3n en este tipo de medidas, sino que tambi\u00e9n \u201c<em>tienen que ver con un vaciamiento hacia las pol\u00edticas sobre colectivos vulnerables, hablamos de personal trans pero tambi\u00e9n de la pol\u00edticas del estado con respecto a la discapacidad\u201d.<\/em><\/p>\n\n\n\n<p>Las \u00e1reas m\u00e1s afectadas por los despidos ilegales del personal trans en t\u00e9rminos de administraci\u00f3n p\u00fablica fueron ANSES, Secretaria de Trabajo, el Ministerio de Capital Humano, Canciller\u00eda, y la Agencia Nacional de Discapacidad siendo el 85% de los despedidos varones trans.<\/p>\n\n\n\n<p>Desde los trabajadores despedidos autoconvocados convocan a participar de una movilizaci\u00f3n para visibilizar la situaci\u00f3n el d\u00eda de hoy Viernes 28\/06 en Hip\u00f3lito Yrigoyen 1447 (a metros de plaza Congreso) a las 15:00hs.<\/p>\n\n\n\n<p>En caso de despidos ilegales del personal trans en la administraci\u00f3n p\u00fablica nacional, podes llenar el siguiente formulario:<\/p>\n\n\n\n<p><a href=\"https:\/\/docs.google.com\/forms\/d\/1XDsE64rRm4-yl_6qJLbVJlhMd6qR9J_fcJ-g90quImE\/viewform?edit_requested=true\">https:\/\/docs.google.com\/forms\/d\/1XDsE64rRm4-yl_6qJLbVJlhMd6qR9J_fcJ-g90quImE\/viewform?edit_requested=true<\/a><\/p>\n\n\n\n<p>Entrevista completa en el Noticiero Encuentro con las Noticias<\/p>\n\n\n<p><iframe loading=\"lazy\" src=\"https:\/\/archive.org\/embed\/entrevista-fernando-cupo-trans-andis-28-06-24\" width=\"500\" height=\"60\" frameborder=\"0\" webkitallowfullscreen=\"true\" mozallowfullscreen=\"true\" allowfullscreen><\/iframe><\/p>\n\n\n<p><a href=\"https:\/\/archive.org\/details\/entrevista-fernando-cupo-trans-andis-28-06-24\" data-type=\"link\" data-id=\"https:\/\/archive.org\/details\/entrevista-fernando-cupo-trans-andis-28-06-24\">Descargar &nbsp;<\/a><\/p>\n","protected":false},"excerpt":{"rendered":"<p>Trabajadores trans despedidos de la Agencia Nacional de Discapacidad denuncian despidos ilegales y discriminatorios a la vez que exigen la reincorporaci\u00f3n inmediata del personal trans. Fernando Rodr\u00edguez Benavidez, trabajador trans despedido de ANDIS, en comunicaci\u00f3n con Fm Tinkunaco, comentaba la situaci\u00f3n \u201cSomos 100 los despedidos por cupo laboral trans en todas las reparticiones de la [&hellip;]<\/p>\n","protected":false},"author":1,"featured_media":6578,"comment_status":"open","ping_status":"open","sticky":false,"template":"","format":"standard","meta":{"footnotes":""},"categories":[1],"tags":[],"class_list":["post-6577","post","type-post","status-publish","format-standard","has-post-thumbnail","hentry","category-blog"],"_links":{"self":[{"href":"https:\/\/fmtinkunaco.ar\/index.php?rest_route=\/wp\/v2\/posts\/6577","targetHints":{"allow":["GET"]}}],"collection":[{"href":"https:\/\/fmtinkunaco.ar\/index.php?rest_route=\/wp\/v2\/posts"}],"about":[{"href":"https:\/\/fmtinkunaco.ar\/index.php?rest_route=\/wp\/v2\/types\/post"}],"author":[{"embeddable":true,"href":"https:\/\/fmtinkunaco.ar\/index.php?rest_route=\/wp\/v2\/users\/1"}],"replies":[{"embeddable":true,"href":"https:\/\/fmtinkunaco.ar\/index.php?rest_route=%2Fwp%2Fv2%2Fcomments&post=6577"}],"version-history":[{"count":1,"href":"https:\/\/fmtinkunaco.ar\/index.php?rest_route=\/wp\/v2\/posts\/6577\/revisions"}],"predecessor-version":[{"id":6579,"href":"https:\/\/fmtinkunaco.ar\/index.php?rest_route=\/wp\/v2\/posts\/6577\/revisions\/6579"}],"wp:featuredmedia":[{"embeddable":true,"href":"https:\/\/fmtinkunaco.ar\/index.php?rest_route=\/wp\/v2\/media\/6578"}],"wp:attachment":[{"href":"https:\/\/fmtinkunaco.ar\/index.php?rest_route=%2Fwp%2Fv2%2Fmedia&parent=6577"}],"wp:term":[{"taxonomy":"category","embeddable":true,"href":"https:\/\/fmtinkunaco.ar\/index.php?rest_route=%2Fwp%2Fv2%2Fcategories&post=6577"},{"taxonomy":"post_tag","embeddable":true,"href":"https:\/\/fmtinkunaco.ar\/index.php?rest_route=%2Fwp%2Fv2%2Ftags&post=6577"}],"curies":[{"name":"wp","href":"https:\/\/api.w.org\/{rel}","templated":true}]}}