{"id":6580,"date":"2024-07-01T11:26:38","date_gmt":"2024-07-01T14:26:38","guid":{"rendered":"https:\/\/fmtinkunaco.ar\/?p=6580"},"modified":"2024-07-01T11:26:38","modified_gmt":"2024-07-01T14:26:38","slug":"centros-de-atencion-y-acompanamiento-convocan-por-la-emergencia-en-adicciones","status":"publish","type":"post","link":"https:\/\/fmtinkunaco.ar\/?p=6580","title":{"rendered":"Centros de atenci\u00f3n y acompa\u00f1amiento convocan \u201cPor la emergencia en adicciones\u201d"},"content":{"rendered":"\n<p>Los CAAC de Jos\u00e9 C. Paz, Centros de Atenci\u00f3n y Acompa\u00f1amiento Comunitario, declaran una emergencia territorial e invitan a participar para visibilizar&nbsp; el D\u00eda Internacional de la Lucha contra el uso indebido y el tr\u00e1fico il\u00edcito de drogas. La actividad ser\u00e1 este mi\u00e9rcoles 03\/07 a las 14:30 en la Estaci\u00f3n de Tren de Jos\u00e9 C. Paz, contar\u00e1 con puestos de informaci\u00f3n, pegatinas, marcha y una merienda colectiva.<\/p>\n\n\n\n<p>Los CAAC son centros de acompa\u00f1amiento y atenci\u00f3n comunitaria que est\u00e1n orientadas a acompa\u00f1ar de forma integral en abordaje interdisciplinario y comunitario la problem\u00e1tica del consumo.<\/p>\n\n\n\n<p>Lorena Salas, referente de \u201cVientos de Libertad\u201d en el territorio de Sol y Verde (entre las calles Dinamarca y Warnes), comentaba como se da el trabajo de la organizaci\u00f3n \u201c<em>Tenemos un dispositivo de tratamiento ambulatorio, es un dispositivo terap\u00e9utico. Contamos con un equipo de trabajo, una psic\u00f3loga, una trabajadora social, somos 3 coordinadores y 6 talleristas. Conformamos el equipo, las compa\u00f1eras y compa\u00f1eros&nbsp; vienen todos los d\u00edas realizan actividades de las 9:30 a las 17:00 de la tarde. Decimos que es un abordaje integral-comunitario porque es un tratamiento, y desde la perspectiva de Vientos de Libertad, pol\u00edtico-terap\u00e9utico. Donde no solamente decimos que los compa\u00f1eros vienen a luchar contra la adicci\u00f3n problem\u00e1tica sino que tambi\u00e9n contra todo sistema que construye la narcoestructura, que funciona y opera en los territorios con la complicidad de otras instituciones\u201d.<\/em><\/p>\n\n\n\n<p>Salas tambi\u00e9n agregaba la modalidad de estos centros \u201c<em>La atenci\u00f3n es gratuita (\u2026) Es real que en muchos espacios si no tenes el dinero para pagar una casa o internaci\u00f3n no se puede acceder, por eso queremos cuidar much\u00edsimo este convenio, este programa de CAAC\u201d.<\/em><\/p>\n\n\n\n<p>Para finalizar Salas menciona la importancia de poner el foco en estas problem\u00e1ticas y no estigmatizar, ella recalca \u201c<em>La salida comunitaria tiene que ver con la organizaci\u00f3n colectiva, que en estos tiempos que estamos corriendo con este gobierno y agudiza un mont\u00f3n de situaciones <\/em>(\u2026) <em>Tambi\u00e9n que se acerquen si tienen esta problem\u00e1tica, es muy importante pedir ayuda, el consumo problem\u00e1tico es el gota que rebalsa el vaso en la vida de una persona despu\u00e9s de muchas violencias y vulnerabilidades. Por es importante empatizar, no juzgar, abrir la escucha y tener esta herramienta de decir \u2018ac\u00e1 hay un lugar\u2019\u201d.<\/em><\/p>\n\n\n<div class=\"wp-block-image\">\n<figure class=\"aligncenter size-large is-resized\"><img loading=\"lazy\" decoding=\"async\" width=\"724\" height=\"1024\" src=\"https:\/\/fmtinkunaco.ar\/wp-content\/uploads\/2024\/07\/WhatsApp-Image-2024-07-01-at-09.36.29-724x1024.jpeg\" alt=\"\" class=\"wp-image-6582\" style=\"aspect-ratio:0.70703125;width:450px;height:auto\" srcset=\"https:\/\/fmtinkunaco.ar\/wp-content\/uploads\/2024\/07\/WhatsApp-Image-2024-07-01-at-09.36.29-724x1024.jpeg 724w, https:\/\/fmtinkunaco.ar\/wp-content\/uploads\/2024\/07\/WhatsApp-Image-2024-07-01-at-09.36.29-212x300.jpeg 212w, https:\/\/fmtinkunaco.ar\/wp-content\/uploads\/2024\/07\/WhatsApp-Image-2024-07-01-at-09.36.29-768x1086.jpeg 768w, https:\/\/fmtinkunaco.ar\/wp-content\/uploads\/2024\/07\/WhatsApp-Image-2024-07-01-at-09.36.29-1086x1536.jpeg 1086w, https:\/\/fmtinkunaco.ar\/wp-content\/uploads\/2024\/07\/WhatsApp-Image-2024-07-01-at-09.36.29.jpeg 1131w\" sizes=\"auto, (max-width: 724px) 100vw, 724px\" \/><\/figure>\n<\/div>\n\n\n<p>Entrevista completa en el Noticiero Encuentro con las Noticias<\/p>\n\n\n\n<p><\/p>\n\n\n<p><iframe loading=\"lazy\" src=\"https:\/\/archive.org\/embed\/entrevista-lorena-salas-1-7-24\" width=\"500\" height=\"60\" frameborder=\"0\" webkitallowfullscreen=\"true\" mozallowfullscreen=\"true\" allowfullscreen><\/iframe><\/p>\n\n\n<p><a href=\"https:\/\/archive.org\/details\/entrevista-lorena-salas-1-7-24\" data-type=\"link\" data-id=\"https:\/\/archive.org\/details\/entrevista-lorena-salas-1-7-24\">Descargar<\/a><\/p>\n","protected":false},"excerpt":{"rendered":"<p>Los CAAC de Jos\u00e9 C. Paz, Centros de Atenci\u00f3n y Acompa\u00f1amiento Comunitario, declaran una emergencia territorial e invitan a participar para visibilizar&nbsp; el D\u00eda Internacional de la Lucha contra el uso indebido y el tr\u00e1fico il\u00edcito de drogas. La actividad ser\u00e1 este mi\u00e9rcoles 03\/07 a las 14:30 en la Estaci\u00f3n de Tren de Jos\u00e9 C. [&hellip;]<\/p>\n","protected":false},"author":1,"featured_media":6581,"comment_status":"open","ping_status":"open","sticky":false,"template":"","format":"standard","meta":{"footnotes":""},"categories":[1],"tags":[],"class_list":["post-6580","post","type-post","status-publish","format-standard","has-post-thumbnail","hentry","category-blog"],"_links":{"self":[{"href":"https:\/\/fmtinkunaco.ar\/index.php?rest_route=\/wp\/v2\/posts\/6580","targetHints":{"allow":["GET"]}}],"collection":[{"href":"https:\/\/fmtinkunaco.ar\/index.php?rest_route=\/wp\/v2\/posts"}],"about":[{"href":"https:\/\/fmtinkunaco.ar\/index.php?rest_route=\/wp\/v2\/types\/post"}],"author":[{"embeddable":true,"href":"https:\/\/fmtinkunaco.ar\/index.php?rest_route=\/wp\/v2\/users\/1"}],"replies":[{"embeddable":true,"href":"https:\/\/fmtinkunaco.ar\/index.php?rest_route=%2Fwp%2Fv2%2Fcomments&post=6580"}],"version-history":[{"count":1,"href":"https:\/\/fmtinkunaco.ar\/index.php?rest_route=\/wp\/v2\/posts\/6580\/revisions"}],"predecessor-version":[{"id":6583,"href":"https:\/\/fmtinkunaco.ar\/index.php?rest_route=\/wp\/v2\/posts\/6580\/revisions\/6583"}],"wp:featuredmedia":[{"embeddable":true,"href":"https:\/\/fmtinkunaco.ar\/index.php?rest_route=\/wp\/v2\/media\/6581"}],"wp:attachment":[{"href":"https:\/\/fmtinkunaco.ar\/index.php?rest_route=%2Fwp%2Fv2%2Fmedia&parent=6580"}],"wp:term":[{"taxonomy":"category","embeddable":true,"href":"https:\/\/fmtinkunaco.ar\/index.php?rest_route=%2Fwp%2Fv2%2Fcategories&post=6580"},{"taxonomy":"post_tag","embeddable":true,"href":"https:\/\/fmtinkunaco.ar\/index.php?rest_route=%2Fwp%2Fv2%2Ftags&post=6580"}],"curies":[{"name":"wp","href":"https:\/\/api.w.org\/{rel}","templated":true}]}}