{"id":6585,"date":"2024-07-02T11:36:58","date_gmt":"2024-07-02T14:36:58","guid":{"rendered":"https:\/\/fmtinkunaco.ar\/?p=6585"},"modified":"2024-07-02T11:36:59","modified_gmt":"2024-07-02T14:36:59","slug":"despidos-masivos-en-la-secretaria-de-dd-hh-de-la-nacion-y-de-ex-centros-clandestinos","status":"publish","type":"post","link":"https:\/\/fmtinkunaco.ar\/?p=6585","title":{"rendered":"Despidos masivos en la Secretar\u00eda de DD. HH. de la Naci\u00f3n y de Ex Centros Clandestinos"},"content":{"rendered":"\n<p>Trabajadoras y trabajadores despedidos de la Secretaria de Derechos Humanos de la Naci\u00f3n y de Espacios para la Memoria se movilizaron y llevaron como lema \u201c<em>Sin trabajadores no hay Memoria\u201d<\/em><\/p>\n\n\n\n<p>Marilyne Jonquel, trabajadora despedida de la Secretaria, contaba la situaci\u00f3n y c\u00f3mo se enteraron de las bajas \u201c<em>ayer vencieron nuevamente todos esos contratos, ah\u00ed es donde a nosotros a 60 trabajadores y trabajadoras de la secretaria de ddhh no nos renuevan esos contratos, estamos de alguna manera desvinculados. Obviamente sin cobrar alg\u00fan tipo de indemnizaci\u00f3n sin que ni siquiera nos llegue alguna notificaci\u00f3n, es como un juego un poco perverso donde uno tiene que buscarse en el listado de personas para ver si el contrato fue renovado o no, si uno no se ve en esa lista puede deducir que ya no tiene trabajo<\/em>.<\/p>\n\n\n\n<p>Sobre la medida del Gobierno del vaciamiento de Espacios de Memoria y DDHH, Jonquel comentaba \u201c<em>Sabemos que es una l\u00ednea de continuidad del gobierno que viene a imponer unos planes econ\u00f3micos muy similares a los de la dictadura y por eso necesita avanzar contra quienes luchan, contra quienes organizan, pero tambi\u00e9n contra los lugares donde se ejerce esta Memoria Historia sobre las luchas que se dieron en aquel momento y sobre los trabajadores que lo contaron.<\/em><\/p>\n\n\n\n<p>Es as\u00ed como, Jonquel finaliza reclamando por los despedidos \u201c<em>Por la reincorporaci\u00f3n que somos los que preservamos, los que conservamos estos lugares, estos sitios hist\u00f3ricos donde se sucedieron estos cr\u00edmenes, donde aportamos a la justicia con las causas contra los genocidas. Somos quienes tambi\u00e9n conservamos los lugares donde muchos compa\u00f1eros vivieron la tortura, el secuestro, la apropiaci\u00f3n de sus hijos y son prueba material pero tambi\u00e9n lugares para poder contar sus historias\u201d.<\/em><\/p>\n\n\n\n<p>Entrevista completa en el Noticiero Encuentro con las Noticias<\/p>\n\n\n<p><iframe loading=\"lazy\" src=\"https:\/\/archive.org\/embed\/entrevista-maryline-jonques-2-7-24\" width=\"500\" height=\"60\" frameborder=\"0\" webkitallowfullscreen=\"true\" mozallowfullscreen=\"true\" allowfullscreen><\/iframe><\/p>\n\n\n<p><a href=\"https:\/\/archive.org\/details\/entrevista-maryline-jonques-2-7-24\" data-type=\"link\" data-id=\"https:\/\/archive.org\/details\/entrevista-maryline-jonques-2-7-24\">Descargar<\/a><\/p>\n","protected":false},"excerpt":{"rendered":"<p>Trabajadoras y trabajadores despedidos de la Secretaria de Derechos Humanos de la Naci\u00f3n y de Espacios para la Memoria se movilizaron y llevaron como lema \u201cSin trabajadores no hay Memoria\u201d Marilyne Jonquel, trabajadora despedida de la Secretaria, contaba la situaci\u00f3n y c\u00f3mo se enteraron de las bajas \u201cayer vencieron nuevamente todos esos contratos, ah\u00ed es [&hellip;]<\/p>\n","protected":false},"author":1,"featured_media":6586,"comment_status":"open","ping_status":"open","sticky":false,"template":"","format":"standard","meta":{"footnotes":""},"categories":[4],"tags":[],"class_list":["post-6585","post","type-post","status-publish","format-standard","has-post-thumbnail","hentry","category-derechos-humanos"],"_links":{"self":[{"href":"https:\/\/fmtinkunaco.ar\/index.php?rest_route=\/wp\/v2\/posts\/6585","targetHints":{"allow":["GET"]}}],"collection":[{"href":"https:\/\/fmtinkunaco.ar\/index.php?rest_route=\/wp\/v2\/posts"}],"about":[{"href":"https:\/\/fmtinkunaco.ar\/index.php?rest_route=\/wp\/v2\/types\/post"}],"author":[{"embeddable":true,"href":"https:\/\/fmtinkunaco.ar\/index.php?rest_route=\/wp\/v2\/users\/1"}],"replies":[{"embeddable":true,"href":"https:\/\/fmtinkunaco.ar\/index.php?rest_route=%2Fwp%2Fv2%2Fcomments&post=6585"}],"version-history":[{"count":1,"href":"https:\/\/fmtinkunaco.ar\/index.php?rest_route=\/wp\/v2\/posts\/6585\/revisions"}],"predecessor-version":[{"id":6587,"href":"https:\/\/fmtinkunaco.ar\/index.php?rest_route=\/wp\/v2\/posts\/6585\/revisions\/6587"}],"wp:featuredmedia":[{"embeddable":true,"href":"https:\/\/fmtinkunaco.ar\/index.php?rest_route=\/wp\/v2\/media\/6586"}],"wp:attachment":[{"href":"https:\/\/fmtinkunaco.ar\/index.php?rest_route=%2Fwp%2Fv2%2Fmedia&parent=6585"}],"wp:term":[{"taxonomy":"category","embeddable":true,"href":"https:\/\/fmtinkunaco.ar\/index.php?rest_route=%2Fwp%2Fv2%2Fcategories&post=6585"},{"taxonomy":"post_tag","embeddable":true,"href":"https:\/\/fmtinkunaco.ar\/index.php?rest_route=%2Fwp%2Fv2%2Ftags&post=6585"}],"curies":[{"name":"wp","href":"https:\/\/api.w.org\/{rel}","templated":true}]}}