{"id":6588,"date":"2024-07-03T13:38:39","date_gmt":"2024-07-03T16:38:39","guid":{"rendered":"https:\/\/fmtinkunaco.ar\/?p=6588"},"modified":"2024-07-03T13:38:39","modified_gmt":"2024-07-03T16:38:39","slug":"san-miguel-la-defensoria-del-pueblo-y-su-trabajo-en-el-territorio","status":"publish","type":"post","link":"https:\/\/fmtinkunaco.ar\/?p=6588","title":{"rendered":"San Miguel: La Defensor\u00eda del Pueblo y su trabajo en el territorio"},"content":{"rendered":"\n<p>La Defensor\u00eda del Pueblo de la localidad de San Miguel, inaugurada hace m\u00e1s de un a\u00f1o y ubicada en Paunero 1721, tercer piso, oficina 304, continua su trabajo en el territorio, gestionando reclamos y aclarando dudas.<br><br>Daniela Fuentes, es Delegada de la Defensor\u00eda del Pueblo de San Miguel, y se refiri\u00f3 al trabajo que realizan<em> \u201cNosotros somos la Defensor\u00eda del Pueblo de la provincia de Buenos Aires, as\u00ed que tambi\u00e9n tomamos reclamos de todos aquellos sucesos donde uno siente que sus derechos fueron vulnerados en la provincia de Buenos Aires. Por lo cual, desde el distrito de Jos\u00e9. C. Paz se pueden acercar perfectamente, nosotros les vamos a tomar sus reclamos. (\u2026) La idea de poner distintas delegaciones y que no est\u00e9 la delegaci\u00f3n central solamente en La Plata, es un poco eso, que se tenga un mejor acceso y que sea un poco m\u00e1s f\u00e1cil el acceso a la consulta por nuestros derechos. Nosotros trabajamos cuando un derecho es vulnerado, intentar reparar esa situaci\u00f3n, entendiendo que ese derecho ya fue vulnerado pero tambi\u00e9n en la promoci\u00f3n de los mismos porque es algo que nos gusta mucho\u201d<\/em>. <br><br>Fuentes, adem\u00e1s, remarc\u00f3 la situaci\u00f3n en este contexto actual <em>\u201cNuestro trabajo, por suerte, este enmarcado en la constituci\u00f3n de la provincia de Buenos Aires, nuestros objetivos que son tratar de reparar este derecho que fue vulnerado y que la promoci\u00f3n de derechos contin\u00fae,&nbsp; contin\u00faen hoy con una fuerza mayor, con una perspectiva hacia delante, de poder reparar todos estos derechos vulnerados y por eso hay mucho asesoramiento en esto que es la prevenci\u00f3n y la promoci\u00f3n\u201d<\/em>.<br><br>Adem\u00e1s, Daniela Fuentes, afirm\u00f3 una de las principales premisas de trabajo <em>\u201cNuestro principal eje de trabajo tiene que ser poder contenerlos, podes acompa\u00f1arlos, desde una situaci\u00f3n y desde la contenci\u00f3n y la tranquilidad. Que se sienta ese vecino, esa persona que se acerc\u00f3 a nosotros, que est\u00e1 &nbsp;teniendo un espacio tranquilo, de apoyo, para aliviarnos en esto\u201d.<\/em><br><br>Algunos de los ejes de trabajo de la defensor\u00eda del pueblo son: el derecho a la educaci\u00f3n, el derecho a la salud, alquileres, violencia de g\u00e9nero, derecho al h\u00e1bitat, derecho al consumidor, entre otros. <br><br>Las oficinas de San Miguel atienden de 8 a 14hs pero te podes comunicar las 24hs al 0800 222 5262.<\/p>\n\n\n\n<p>Compartimos la entrevista completa <br><br><a href=\"https:\/\/archive.org\/details\/audio-daniela-fuentes-defensoria-03-07\">Descargar<\/a><\/p>\n\n\n<p><iframe loading=\"lazy\" src=\"https:\/\/archive.org\/embed\/audio-daniela-fuentes-defensoria-03-07\" width=\"500\" height=\"60\" frameborder=\"0\" allowfullscreen=\"allowfullscreen\"><\/iframe><\/p>","protected":false},"excerpt":{"rendered":"<p>La Defensor\u00eda del Pueblo de la localidad de San Miguel, inaugurada hace m\u00e1s de un a\u00f1o y ubicada en Paunero 1721, tercer piso, oficina 304, continua su trabajo en el territorio, gestionando reclamos y aclarando dudas. Daniela Fuentes, es Delegada de la Defensor\u00eda del Pueblo de San Miguel, y se refiri\u00f3 al trabajo que realizan [&hellip;]<\/p>\n","protected":false},"author":1,"featured_media":6589,"comment_status":"open","ping_status":"open","sticky":false,"template":"","format":"standard","meta":{"footnotes":""},"categories":[4],"tags":[],"class_list":["post-6588","post","type-post","status-publish","format-standard","has-post-thumbnail","hentry","category-derechos-humanos"],"_links":{"self":[{"href":"https:\/\/fmtinkunaco.ar\/index.php?rest_route=\/wp\/v2\/posts\/6588","targetHints":{"allow":["GET"]}}],"collection":[{"href":"https:\/\/fmtinkunaco.ar\/index.php?rest_route=\/wp\/v2\/posts"}],"about":[{"href":"https:\/\/fmtinkunaco.ar\/index.php?rest_route=\/wp\/v2\/types\/post"}],"author":[{"embeddable":true,"href":"https:\/\/fmtinkunaco.ar\/index.php?rest_route=\/wp\/v2\/users\/1"}],"replies":[{"embeddable":true,"href":"https:\/\/fmtinkunaco.ar\/index.php?rest_route=%2Fwp%2Fv2%2Fcomments&post=6588"}],"version-history":[{"count":1,"href":"https:\/\/fmtinkunaco.ar\/index.php?rest_route=\/wp\/v2\/posts\/6588\/revisions"}],"predecessor-version":[{"id":6590,"href":"https:\/\/fmtinkunaco.ar\/index.php?rest_route=\/wp\/v2\/posts\/6588\/revisions\/6590"}],"wp:featuredmedia":[{"embeddable":true,"href":"https:\/\/fmtinkunaco.ar\/index.php?rest_route=\/wp\/v2\/media\/6589"}],"wp:attachment":[{"href":"https:\/\/fmtinkunaco.ar\/index.php?rest_route=%2Fwp%2Fv2%2Fmedia&parent=6588"}],"wp:term":[{"taxonomy":"category","embeddable":true,"href":"https:\/\/fmtinkunaco.ar\/index.php?rest_route=%2Fwp%2Fv2%2Fcategories&post=6588"},{"taxonomy":"post_tag","embeddable":true,"href":"https:\/\/fmtinkunaco.ar\/index.php?rest_route=%2Fwp%2Fv2%2Ftags&post=6588"}],"curies":[{"name":"wp","href":"https:\/\/api.w.org\/{rel}","templated":true}]}}