{"id":6591,"date":"2024-07-04T10:55:57","date_gmt":"2024-07-04T13:55:57","guid":{"rendered":"https:\/\/fmtinkunaco.ar\/?p=6591"},"modified":"2024-07-04T10:55:57","modified_gmt":"2024-07-04T13:55:57","slug":"segunda-edicion-de-la-feria-de-arte-lxs-caracolxs","status":"publish","type":"post","link":"https:\/\/fmtinkunaco.ar\/?p=6591","title":{"rendered":"Segunda edici\u00f3n de la Feria de Arte Lxs Caracolxs"},"content":{"rendered":"\n<p>Se va a realizar este viernes 5 de julio de 19 a 23hs en el Centro Cultural Ra\u00edces (Sarmiento 1810, San Miguel).<\/p>\n\n\n\n<p>Cinthia Sepulveda, forma parte de la organizaci\u00f3n de la Feria y explicaba \u201cQuisimos replicar una feria de arte que hicimos hace un tiempo cielo abierto y era justamente en la calle, busc\u00e1bamos un espacio donde poder albergar todas las disciplinas art\u00edsticas (\u2026) En esta primera edici\u00f3n no esper\u00e1bamos que fuera tan masiva la respuesta y est\u00e1bamos muy contentas con ello porque superamos la expectativa que ten\u00edamos\u201d.<\/p>\n\n\n\n<p>En continuaci\u00f3n con eso, Sepulveda tambi\u00e9n comentaba la notable participaci\u00f3n de estudiantes de arte y como el objetivo era \u201cunificar las artes en un mismo espacio\u201d. Es as\u00ed como la Feria cuenta con trabajos de dibujo, pintura, grabados, escultura, caricaturas en vivo, adem\u00e1s de artesan\u00edas, como bordados y joyer\u00eda.<\/p>\n\n\n\n<p>La feria tambi\u00e9n va a tener presentaciones como m\u00fasica en vivo, poes\u00eda y performances.<\/p>\n\n\n\n<p>Invitaci\u00f3n completa en el Noticiero<\/p>\n\n\n<p><iframe loading=\"lazy\" src=\"https:\/\/archive.org\/embed\/audio-cinthia-sepulveda-03-07\" width=\"500\" height=\"60\" frameborder=\"0\" webkitallowfullscreen=\"true\" mozallowfullscreen=\"true\" allowfullscreen><\/iframe><\/p>\n\n\n<p><a href=\"https:\/\/archive.org\/details\/audio-cinthia-sepulveda-03-07\" data-type=\"link\" data-id=\"https:\/\/archive.org\/details\/audio-cinthia-sepulveda-03-07\">Descargar<\/a><\/p>\n","protected":false},"excerpt":{"rendered":"<p>Se va a realizar este viernes 5 de julio de 19 a 23hs en el Centro Cultural Ra\u00edces (Sarmiento 1810, San Miguel). Cinthia Sepulveda, forma parte de la organizaci\u00f3n de la Feria y explicaba \u201cQuisimos replicar una feria de arte que hicimos hace un tiempo cielo abierto y era justamente en la calle, busc\u00e1bamos un [&hellip;]<\/p>\n","protected":false},"author":1,"featured_media":6593,"comment_status":"open","ping_status":"open","sticky":false,"template":"","format":"standard","meta":{"footnotes":""},"categories":[3],"tags":[],"class_list":["post-6591","post","type-post","status-publish","format-standard","has-post-thumbnail","hentry","category-cultura"],"_links":{"self":[{"href":"https:\/\/fmtinkunaco.ar\/index.php?rest_route=\/wp\/v2\/posts\/6591","targetHints":{"allow":["GET"]}}],"collection":[{"href":"https:\/\/fmtinkunaco.ar\/index.php?rest_route=\/wp\/v2\/posts"}],"about":[{"href":"https:\/\/fmtinkunaco.ar\/index.php?rest_route=\/wp\/v2\/types\/post"}],"author":[{"embeddable":true,"href":"https:\/\/fmtinkunaco.ar\/index.php?rest_route=\/wp\/v2\/users\/1"}],"replies":[{"embeddable":true,"href":"https:\/\/fmtinkunaco.ar\/index.php?rest_route=%2Fwp%2Fv2%2Fcomments&post=6591"}],"version-history":[{"count":1,"href":"https:\/\/fmtinkunaco.ar\/index.php?rest_route=\/wp\/v2\/posts\/6591\/revisions"}],"predecessor-version":[{"id":6594,"href":"https:\/\/fmtinkunaco.ar\/index.php?rest_route=\/wp\/v2\/posts\/6591\/revisions\/6594"}],"wp:featuredmedia":[{"embeddable":true,"href":"https:\/\/fmtinkunaco.ar\/index.php?rest_route=\/wp\/v2\/media\/6593"}],"wp:attachment":[{"href":"https:\/\/fmtinkunaco.ar\/index.php?rest_route=%2Fwp%2Fv2%2Fmedia&parent=6591"}],"wp:term":[{"taxonomy":"category","embeddable":true,"href":"https:\/\/fmtinkunaco.ar\/index.php?rest_route=%2Fwp%2Fv2%2Fcategories&post=6591"},{"taxonomy":"post_tag","embeddable":true,"href":"https:\/\/fmtinkunaco.ar\/index.php?rest_route=%2Fwp%2Fv2%2Ftags&post=6591"}],"curies":[{"name":"wp","href":"https:\/\/api.w.org\/{rel}","templated":true}]}}