{"id":6596,"date":"2024-07-05T11:56:56","date_gmt":"2024-07-05T14:56:56","guid":{"rendered":"https:\/\/fmtinkunaco.ar\/?p=6596"},"modified":"2024-07-05T11:56:56","modified_gmt":"2024-07-05T14:56:56","slug":"desmantelamiento-del-ministerio-de-mujeres-generos-y-diversidades","status":"publish","type":"post","link":"https:\/\/fmtinkunaco.ar\/?p=6596","title":{"rendered":"Desmantelamiento del Ministerio de Mujeres, G\u00e9neros y Diversidades"},"content":{"rendered":"\n<p>Luego de publicar un Comunicado Oficial, anunciando el traspaso del Ministerio de Mujeres, G\u00e9neros y Disidencias a una Subsecretaria, el Gobierno cerr\u00f3 oficialmente el Ministerio.<\/p>\n\n\n\n<p>En comunicaci\u00f3n con Fm Tinkunaco, Federico Komblit, Secretario Gremial de ATE y trabajador de la direcci\u00f3n de femicidios del ex Ministerio, explicaban la forma en la que fueron notificados \u201c<em>El d\u00eda viernes 28 de junio, mediante un correo electr\u00f3nico a m\u00e1s de 400 compa\u00f1eras se les comunico la desvinculaci\u00f3n, lo que significa un absoluto desguace de las pol\u00edticas p\u00fablicas. La pluralidad del ministerio a trav\u00e9s de las oficinas en el interior del pa\u00eds, lo que es la direcci\u00f3n de femicidios, donde yo trabajaba, que con 20 personas hemos quedado 2 trabajadores&nbsp; para generar el abordaje, la contenci\u00f3n y el acompa\u00f1amiento a m\u00e1s de 300 familias por a\u00f1o en situaciones en travesticidio, femicidios, cr\u00edmenes de odio<\/em>\u201d.<\/p>\n\n\n\n<p>En adici\u00f3n a esto, Komblit tambi\u00e9n mencionaba algunas \u00e1reas que se dieron de baja con este cierre \u201c<em>El observatorio de violencia de g\u00e9nero, la Ley Micaela para formar y capacitar en tem\u00e1ticas de g\u00e9nero a los empleados p\u00fablicos, del poder judicial y legislativo, \u00e1reas de prevenci\u00f3n y \u00e1reas de refugio u hogares, todo ha absolutamente desmantelado despu\u00e9s del viernes<\/em>\u201d.<\/p>\n\n\n\n<p>Asimismo, Komblit se\u00f1ala la intenci\u00f3n pol\u00edtica detr\u00e1s de estas medidas perjudiciales para las pol\u00edticas p\u00fablicas \u201c<em>Creemos que hay un ensa\u00f1amiento de parte de este gobierno con el empleo p\u00fablico, pero en nuestro caso un ensa\u00f1amiento particular por ser el organismo la representaci\u00f3n de la agenda de derechos que ha sido conquistada y ganada con a\u00f1os de movilizaciones\u201d<\/em><\/p>\n\n\n\n<p>Con relaci\u00f3n al comunicado, m\u00e1s en espec\u00edfico en el comentario sobre el gasto que el ministerio generaba y el ahorro presupuestario que cerrarlo significaba, Federico Komblit a\u00f1ad\u00eda \u201c<em>Pensar que esto tiene una matriz econ\u00f3mica o que la reducci\u00f3n o achicamiento de este organismo y los despidos va a resolver los problemas del d\u00e9ficit es totalmente falso, y todo lo contrario, en argentina las pol\u00edticas p\u00fablicas que se llevaban a cabo en este organismo son obligaciones del Estado Nacional (&#8230;) la no implementaci\u00f3n de pol\u00edticas p\u00fablicas que son compromiso y son obligaci\u00f3n del estado exponen a la Argentina a un sin n\u00famero de sanciones econ\u00f3micas por la no implementaci\u00f3n de sus obligaciones. Es decir, que la cuantidad econ\u00f3mica por no implementar la pol\u00edtica p\u00fablica que salvan vidas, va a ser a\u00fan m\u00e1s grande que el sostener las pol\u00edticas p\u00fablicas que hoy est\u00e1n eliminando<\/em>.<\/p>\n\n\n\n<p>Mientras tanto se est\u00e1n planificando una asamblea el d\u00eda de hoy para pensar pr\u00f3ximas medidas de acci\u00f3n que visibilicen las consecuencias de este vaciamiento, exigir la reincorporaci\u00f3n laboral y reclamar por la continuidad de las pol\u00edticas p\u00fablicas que funcionaban hasta la semana pasada.<\/p>\n\n\n\n<p>Entrevista completa en el Noticiero Encuentro con las Noticias<\/p>\n\n\n<p><iframe loading=\"lazy\" src=\"https:\/\/archive.org\/embed\/entrevista-federico-komblit-5-7-24\" width=\"500\" height=\"60\" frameborder=\"0\" webkitallowfullscreen=\"true\" mozallowfullscreen=\"true\" allowfullscreen><\/iframe><\/p>\n\n\n<p><a href=\"https:\/\/archive.org\/details\/entrevista-federico-komblit-5-7-24\" data-type=\"link\" data-id=\"https:\/\/archive.org\/details\/entrevista-federico-komblit-5-7-24\">Descargar<\/a><\/p>\n","protected":false},"excerpt":{"rendered":"<p>Luego de publicar un Comunicado Oficial, anunciando el traspaso del Ministerio de Mujeres, G\u00e9neros y Disidencias a una Subsecretaria, el Gobierno cerr\u00f3 oficialmente el Ministerio. En comunicaci\u00f3n con Fm Tinkunaco, Federico Komblit, Secretario Gremial de ATE y trabajador de la direcci\u00f3n de femicidios del ex Ministerio, explicaban la forma en la que fueron notificados \u201cEl [&hellip;]<\/p>\n","protected":false},"author":1,"featured_media":6597,"comment_status":"open","ping_status":"open","sticky":false,"template":"","format":"standard","meta":{"footnotes":""},"categories":[1],"tags":[],"class_list":["post-6596","post","type-post","status-publish","format-standard","has-post-thumbnail","hentry","category-blog"],"_links":{"self":[{"href":"https:\/\/fmtinkunaco.ar\/index.php?rest_route=\/wp\/v2\/posts\/6596","targetHints":{"allow":["GET"]}}],"collection":[{"href":"https:\/\/fmtinkunaco.ar\/index.php?rest_route=\/wp\/v2\/posts"}],"about":[{"href":"https:\/\/fmtinkunaco.ar\/index.php?rest_route=\/wp\/v2\/types\/post"}],"author":[{"embeddable":true,"href":"https:\/\/fmtinkunaco.ar\/index.php?rest_route=\/wp\/v2\/users\/1"}],"replies":[{"embeddable":true,"href":"https:\/\/fmtinkunaco.ar\/index.php?rest_route=%2Fwp%2Fv2%2Fcomments&post=6596"}],"version-history":[{"count":1,"href":"https:\/\/fmtinkunaco.ar\/index.php?rest_route=\/wp\/v2\/posts\/6596\/revisions"}],"predecessor-version":[{"id":6598,"href":"https:\/\/fmtinkunaco.ar\/index.php?rest_route=\/wp\/v2\/posts\/6596\/revisions\/6598"}],"wp:featuredmedia":[{"embeddable":true,"href":"https:\/\/fmtinkunaco.ar\/index.php?rest_route=\/wp\/v2\/media\/6597"}],"wp:attachment":[{"href":"https:\/\/fmtinkunaco.ar\/index.php?rest_route=%2Fwp%2Fv2%2Fmedia&parent=6596"}],"wp:term":[{"taxonomy":"category","embeddable":true,"href":"https:\/\/fmtinkunaco.ar\/index.php?rest_route=%2Fwp%2Fv2%2Fcategories&post=6596"},{"taxonomy":"post_tag","embeddable":true,"href":"https:\/\/fmtinkunaco.ar\/index.php?rest_route=%2Fwp%2Fv2%2Ftags&post=6596"}],"curies":[{"name":"wp","href":"https:\/\/api.w.org\/{rel}","templated":true}]}}